{"id":17172,"date":"2023-06-28T15:53:41","date_gmt":"2023-06-28T20:53:41","guid":{"rendered":"https:\/\/xn--mscarasypolticascozumel-t5b42a.com\/?p=17172"},"modified":"2023-06-28T15:53:41","modified_gmt":"2023-06-28T20:53:41","slug":"chile-presidira-la-alianza-del-pacifico-tras-negativa-de-mexico-de-traspasarla-a-peru","status":"publish","type":"post","link":"https:\/\/newsqr.com.mx\/?p=17172","title":{"rendered":"Chile presidir\u00e1 la Alianza del Pac\u00edfico tras negativa de M\u00e9xico de traspasarla a Per\u00fa"},"content":{"rendered":"<p class=\"jsx-3954459878\">Chile ejercer\u00e1 a partir de este mi\u00e9rcoles la presidencia pro t\u00e9mpore de la Alianza del Pac\u00edfico, hasta ahora a cargo de M\u00e9xico, que se\u00a0<a href=\"https:\/\/www.eleconomista.com.mx\/internacionales\/Postura-de-AMLO-solo-demuestra-insensatez-y-una-vision-sesgada-canciller-de-Peru-20230515-0105.html\" target=\"_blank\" rel=\"noopener\" data-mrf-link=\"https:\/\/www.eleconomista.com.mx\/internacionales\/Postura-de-AMLO-solo-demuestra-insensatez-y-una-vision-sesgada-canciller-de-Peru-20230515-0105.html\">neg\u00f3 a traspasarla a Per\u00fa<\/a>\u00a0por divergencias con el gobierno de la presidenta\u00a0<strong class=\"fi-aic_250\">Dina Boluarte<\/strong>.<\/p>\n<div id=\"espacio_teads\" class=\"jsx-1020194127 adNewChild\"><\/div>\n<p class=\"jsx-3954459878\">El grupo, conformado tambi\u00e9n por Colombia, inform\u00f3 en un comunicado que la decisi\u00f3n se adopt\u00f3 en un encuentro celebrado en Santiago entre representantes diplom\u00e1ticos de la cuatro naciones.<\/p>\n<p class=\"jsx-3954459878\">M\u00e1s tarde, el canciller chileno,\u00a0<strong>Alberto van Klaveren<\/strong>, dijo a periodistas que su pa\u00eds iba a asumir el liderazgo temporal de la alianza pero solo por un mes, en lugar del plazo habitual de un a\u00f1o.<\/p>\n<p class=\"jsx-3954459878\">\u00abNosotros siempre hemos reconocido el derecho que le corresponde al Per\u00fa para ejercer la presidencia pro t\u00e9mpore y es en ese esp\u00edritu que hemos asumido la responsabilidad de actuar como intermediarios para poder resolver esta situaci\u00f3n\u00bb, argument\u00f3.<\/p>\n<p class=\"jsx-3954459878 fi-aic_250\">El ministerio de Relaciones Exteriores peruano se\u00f1al\u00f3 en un comunicado que \u00abel acuerdo alcanzado refleja la voluntad pol\u00edtica de seguir apostando por la integraci\u00f3n latinoamericana, que favorece el di\u00e1logo, el intercambio econ\u00f3mico-comercial, la cooperaci\u00f3n y la inserci\u00f3n internacional\u00bb.<\/p>\n<p class=\"jsx-3954459878 fi-aic_250\">El mandatario mexicano,\u00a0<strong>Andr\u00e9s Manuel L\u00f3pez Obrador<\/strong>, dijo en el mes de febrero que se negaba a traspasar la presidencia pro t\u00e9mpore del grupo a Per\u00fa porque\u00a0considera que en la naci\u00f3n andina hay un \u00abgobierno esp\u00fareo\u00bb, tras la destituci\u00f3n en diciembre del mandatario peruano\u00a0<strong>Pedro Castillo<\/strong>, reemplazado por Boluarte, a la que considera una presidenta \u00abesp\u00farea\u00bb.<\/p>\n<p class=\"jsx-3954459878\">El traspaso deb\u00eda haberse producido en noviembre, pero el Congreso peruano dominado por la oposici\u00f3n de derecha prohibi\u00f3 viajar a Castillo y en diciembre el mandatario andino fue destituido tras intentar disolver de forma ilegal el parlamento unicameral.<\/p>\n<p class=\"jsx-3954459878 fi-aic_250\">En los \u00faltimos meses, las relaciones bilaterales se deterioraron hasta el punto de que Lima expuls\u00f3 al embajador mexicano en el pa\u00eds y retir\u00f3 al suyo en M\u00e9xico, y el Congreso peruano declar\u00f3 \u00abpersona non grata\u00bb a L\u00f3pez Obrador.<\/p>\n<p class=\"jsx-3954459878\">La Alianza del Pac\u00edfico es un mecanismo de integraci\u00f3n econ\u00f3mica y comercial basado en la libre circulaci\u00f3n de bienes, servicios y capitales, que apunta a los mercados de Asia. Con m\u00e1s de 230 millones de personas, se considera la octava econom\u00eda mundial y representa el 41% del Producto Interno Bruto de Am\u00e9rica Latina y el Caribe.<\/p>\n","protected":false},"excerpt":{"rendered":"<p>Chile ejercer\u00e1 a partir de este mi\u00e9rcoles la presidencia pro t\u00e9mpore de la Alianza del&#8230;<\/p>\n","protected":false},"author":1,"featured_media":17174,"comment_status":"open","ping_status":"closed","sticky":false,"template":"","format":"standard","meta":{"footnotes":""},"categories":[2],"tags":[],"class_list":["post-17172","post","type-post","status-publish","format-standard","has-post-thumbnail","hentry","category-nacional"],"_links":{"self":[{"href":"https:\/\/newsqr.com.mx\/index.php?rest_route=\/wp\/v2\/posts\/17172","targetHints":{"allow":["GET"]}}],"collection":[{"href":"https:\/\/newsqr.com.mx\/index.php?rest_route=\/wp\/v2\/posts"}],"about":[{"href":"https:\/\/newsqr.com.mx\/index.php?rest_route=\/wp\/v2\/types\/post"}],"author":[{"embeddable":true,"href":"https:\/\/newsqr.com.mx\/index.php?rest_route=\/wp\/v2\/users\/1"}],"replies":[{"embeddable":true,"href":"https:\/\/newsqr.com.mx\/index.php?rest_route=%2Fwp%2Fv2%2Fcomments&post=17172"}],"version-history":[{"count":0,"href":"https:\/\/newsqr.com.mx\/index.php?rest_route=\/wp\/v2\/posts\/17172\/revisions"}],"wp:featuredmedia":[{"embeddable":true,"href":"https:\/\/newsqr.com.mx\/index.php?rest_route=\/wp\/v2\/media\/17174"}],"wp:attachment":[{"href":"https:\/\/newsqr.com.mx\/index.php?rest_route=%2Fwp%2Fv2%2Fmedia&parent=17172"}],"wp:term":[{"taxonomy":"category","embeddable":true,"href":"https:\/\/newsqr.com.mx\/index.php?rest_route=%2Fwp%2Fv2%2Fcategories&post=17172"},{"taxonomy":"post_tag","embeddable":true,"href":"https:\/\/newsqr.com.mx\/index.php?rest_route=%2Fwp%2Fv2%2Ftags&post=17172"}],"curies":[{"name":"wp","href":"https:\/\/api.w.org\/{rel}","templated":true}]}}