{"id":17269,"date":"2023-06-30T16:32:41","date_gmt":"2023-06-30T21:32:41","guid":{"rendered":"https:\/\/xn--mscarasypolticascozumel-t5b42a.com\/?p=17269"},"modified":"2023-06-30T16:32:41","modified_gmt":"2023-06-30T21:32:41","slug":"ken-salazar-embajador-de-eeuu-en-mexico-felicita-a-amlo-por-sus-cinco-anos-de-gobierno","status":"publish","type":"post","link":"https:\/\/newsqr.com.mx\/?p=17269","title":{"rendered":"Ken Salazar, embajador de EEUU en M\u00e9xico, felicita a AMLO por sus cinco a\u00f1os de gobierno"},"content":{"rendered":"<h4 class=\"d23-article-subheadline left \" style=\"text-align: center;\">Durante la ceremonia del 247 aniversario de la Independencia de los Estados Unidos, Salazar dijo que seguir\u00eda trabajando de la mano del presidente<\/h4>\n<div class=\"d23-byline\">\n<p class=\"paragraph\" data-mrf-recirculation=\"Links inline\"><b>Ken Salazar,\u00a0<\/b>embajador de Estados Unidos en M\u00e9xico, felicit\u00f3 al\u00a0<b>presidente de M\u00e9xico,\u00a0<\/b><b>Andr\u00e9s Manuel L\u00f3pez Obrador (AMLO)\u00a0<\/b>por sus cinco a\u00f1os de gobierno.<\/p>\n<p class=\"paragraph\" data-mrf-recirculation=\"Links inline\">Fue durante la ceremonia del 247 aniversario de la<b>\u00a0Independencia de los Estados Unidos<\/b>\u00a0en las instalaciones de la embajada estadounidense en M\u00e9xico, sobre Paseo de la Reforma, en la Ciudad de M\u00e9xico, que el diplom\u00e1tico se\u00f1al\u00f3 que\u00a0<b>tambi\u00e9n se conmemoran dos siglos de historia compartida y la grandeza entre ambas naciones.<\/b><\/p>\n<p class=\"paragraph\" data-mrf-recirculation=\"Links inline\">\u201cCelebro el quinto a\u00f1o (de gobierno) del presidente\u00a0<b>L\u00f3pez Obrador,<\/b>\u00a0y el a\u00f1o que todav\u00eda le queda; vamos a seguir trabajando de la mano\u201d, expres\u00f3 Salazar ante medios.<\/p>\n<h2 class=\"header d23-headline-class-h2\">Habla sobre el buen trabajo con Ebrard en SRE<\/h2>\n<p class=\"paragraph\" data-mrf-recirculation=\"Links inline\">Tambi\u00e9n destac\u00f3 que durante el tiempo en el que el aspirante a la candidatura a la presidencia por el partido\u00a0<b>Movimiento Regeneraci\u00f3n Nacional (Morena)<\/b>\u00a0y ex titular de la\u00a0<b>Secretar\u00eda de Relaciones Exteriores (SRE) Marcelo Ebrard Casaub\u00f3n<\/b>,\u00a0estuvo al frente de la canciller\u00eda mexicana, existi\u00f3 una gran colaboraci\u00f3n y cooperaci\u00f3n entre los gobiernos de M\u00e9xico y Estados Unidos.<\/p>\n<p class=\"paragraph\" data-mrf-recirculation=\"Links inline\">Aunque se\u00f1al\u00f3 que su pa\u00eds no interviene en la pol\u00edtica mexicana, Salazar dijo que\u00a0<b>hab\u00eda trabajado muy bien con Ebrard,<\/b>\u00a0sin embargo, dijo que hay muy buenos candidatos que aspiran a la presidencia en 2024.<\/p>\n<div class=\"d23-recommended-card__info\">\n<p class=\"paragraph\" data-mrf-recirculation=\"Links inline\">\u201cQuiero decir que nosotros, los Estados Unidos no nos metemos en pol\u00edtica, es la decisi\u00f3n del pueblo de M\u00e9xico quien ser\u00e1 su presidente que venga despu\u00e9s del presidente L\u00f3pez Obrador, pero esto s\u00ed lo digo,\u00a0<b>hemos tenido muy buen trabajo con el canciller Marcelo Ebrard<\/b>\u00a0en muchos temas desde el d\u00eda que yo llegu\u00e9\u201d, expres\u00f3.<\/p>\n<p class=\"paragraph\" data-mrf-recirculation=\"Links inline\">\u201cSi pudiera contar las reuniones que tenido son cientos y cientos, pero tambi\u00e9n no es opini\u00f3n m\u00eda, el pueblo de M\u00e9xico va a tomar su decisi\u00f3n.\u00a0<b>Hay muchos candidatos, y muy buenos candidatos<\/b>, es parte, yo tengo mucho optimismo de la relaci\u00f3n de Estados Unidos y M\u00e9xico hasta el 2030, aparte nosotros tenemos confianza\u201d, dijo el embajador estadounidense.<\/p>\n<p class=\"paragraph\" data-mrf-recirculation=\"Links inline\">Salazar le dese\u00f3 lo mejor al presidente AMLO, quien el pr\u00f3ximo s\u00e1bado\u00a0<b>1 de julio celebra cinco a\u00f1os de su triunfo electoral.\u00a0<\/b>\u201cLe deseo lo mejor, tenemos una relaci\u00f3n buena\u201d, expres\u00f3.<\/p>\n<p class=\"paragraph\" data-mrf-recirculation=\"Links inline\">Durante su discurso, el embajador destac\u00f3 que<b>\u00a0la relaci\u00f3n entre ambos pa\u00edses es para siempre<\/b>, y que el futuro est\u00e1 lleno de esperanza. Adem\u00e1s, record\u00f3 que este 1 de julio tambi\u00e9n se cumplen tres a\u00f1os de la entrada en vigor del<b>\u00a0Tratado M\u00e9xico-Estados Unidos-Canad\u00e1 (T-MEC).<\/b>\u00a0\u201cLes quiero dar las gracias por su grandeza \u00a1Que viva M\u00e9xico!\u201d, dijo. Finalmente extern\u00f3 la felicitaci\u00f3n a sus compatriotas por el 4 de julio.<\/p>\n<div class=\"d23-recommended-card__info\">\n<p class=\"paragraph\" data-mrf-recirculation=\"Links inline\">Ken Salazar tambi\u00e9n destac\u00f3 el frente com\u00fan contra el tr\u00e1fico de fentanilo, armas y personas, pues se\u00f1al\u00f3 las incautaciones hist\u00f3ricas de drogas sint\u00e9ticas y armas para cuidar la salud y el bienestar de ambos pa\u00edses.<\/p>\n<p class=\"paragraph\" data-mrf-recirculation=\"Links inline\">Reconoci\u00f3 a los gobernadores y al sector privado para trabajar en el sur de M\u00e9xico y en Centroam\u00e9rica, para generar oportunidades e inversi\u00f3n en las comunidades y fomentar el desarrollo de las personas mientras se cuida el planeta. \u201cCelebramos la grandeza de nuestra gente, celebramos el camino que hemos recorrido y el futuro esperanzador que construimos juntos para el bienestar de nuestras naciones\u201d, explic\u00f3.<\/p>\n<p class=\"paragraph\" data-mrf-recirculation=\"Links inline\">Por su parte<b>, Roberto Velasco, jefe de la Unidad para Am\u00e9rica del Norte de la Secretar\u00eda de Relaciones Exteriores (SRE),<\/b>\u00a0destac\u00f3 la relaci\u00f3n entre M\u00e9xico y su vecino del norte y advirti\u00f3 contra la utilizaci\u00f3n de los mexicanos en las elecciones de EU en 2024.<\/p>\n<\/div>\n<\/div>\n<\/div>\n","protected":false},"excerpt":{"rendered":"<p>Durante la ceremonia del 247 aniversario de la Independencia de los Estados Unidos, Salazar dijo&#8230;<\/p>\n","protected":false},"author":1,"featured_media":17271,"comment_status":"open","ping_status":"closed","sticky":false,"template":"","format":"standard","meta":{"footnotes":""},"categories":[2],"tags":[],"class_list":["post-17269","post","type-post","status-publish","format-standard","has-post-thumbnail","hentry","category-nacional"],"_links":{"self":[{"href":"https:\/\/newsqr.com.mx\/index.php?rest_route=\/wp\/v2\/posts\/17269","targetHints":{"allow":["GET"]}}],"collection":[{"href":"https:\/\/newsqr.com.mx\/index.php?rest_route=\/wp\/v2\/posts"}],"about":[{"href":"https:\/\/newsqr.com.mx\/index.php?rest_route=\/wp\/v2\/types\/post"}],"author":[{"embeddable":true,"href":"https:\/\/newsqr.com.mx\/index.php?rest_route=\/wp\/v2\/users\/1"}],"replies":[{"embeddable":true,"href":"https:\/\/newsqr.com.mx\/index.php?rest_route=%2Fwp%2Fv2%2Fcomments&post=17269"}],"version-history":[{"count":0,"href":"https:\/\/newsqr.com.mx\/index.php?rest_route=\/wp\/v2\/posts\/17269\/revisions"}],"wp:featuredmedia":[{"embeddable":true,"href":"https:\/\/newsqr.com.mx\/index.php?rest_route=\/wp\/v2\/media\/17271"}],"wp:attachment":[{"href":"https:\/\/newsqr.com.mx\/index.php?rest_route=%2Fwp%2Fv2%2Fmedia&parent=17269"}],"wp:term":[{"taxonomy":"category","embeddable":true,"href":"https:\/\/newsqr.com.mx\/index.php?rest_route=%2Fwp%2Fv2%2Fcategories&post=17269"},{"taxonomy":"post_tag","embeddable":true,"href":"https:\/\/newsqr.com.mx\/index.php?rest_route=%2Fwp%2Fv2%2Ftags&post=17269"}],"curies":[{"name":"wp","href":"https:\/\/api.w.org\/{rel}","templated":true}]}}