{"id":17356,"date":"2023-07-03T15:45:40","date_gmt":"2023-07-03T20:45:40","guid":{"rendered":"https:\/\/xn--mscarasypolticascozumel-t5b42a.com\/?p=17356"},"modified":"2023-07-03T15:45:40","modified_gmt":"2023-07-03T20:45:40","slug":"frente-amplio-por-mexico-estos-son-los-requisitos-que-deben-cumplir-los-aspirantes-rumbo-al-2024","status":"publish","type":"post","link":"https:\/\/newsqr.com.mx\/?p=17356","title":{"rendered":"Frente Amplio por M\u00e9xico: estos son los requisitos que deben cumplir los aspirantes rumbo al 2024"},"content":{"rendered":"<h4 class=\"d23-article-subheadline left \" style=\"text-align: center;\">El listado de personajes que buscan la candidatura de la oposici\u00f3n a la Presidencia se ha ido puliendo con renuncias y ratificaciones<\/h4>\n<div class=\"d23-byline\">\n<p class=\"paragraph\" data-mrf-recirculation=\"Links inline\">El\u00a0<b>Comit\u00e9 Organizador<\/b>\u00a0instituido la semana pasada para definir el proceso que deber\u00e1n seguir los aspirantes del\u00a0<b>Frente Amplio por M\u00e9xico<\/b>\u00a0para buscar la candidatura a la Presidencia de la Rep\u00fablica present\u00f3 los primeros resultados al emitir la convocatoria en la que destacan la<b>\u00a0<\/b>entrega de 150 mil apoyos ciudadanos.<\/p>\n<p class=\"paragraph\" data-mrf-recirculation=\"Links inline\">Conformado por exconsejeros del Instituto Federal Electoral (IFE) y el Instituto Nacional Electoral (INE), el Comit\u00e9 Organizador present\u00f3 este lunes las bases que regir\u00e1n los registros, cuya apertura dar\u00e1 inicio este\u00a0<b>martes 4 de julio<\/b>, de acuerdo con el calendario que los aliancistas lanzaron el pasado lunes.<\/p>\n<p class=\"paragraph\" data-mrf-recirculation=\"Links inline\">Desde el Sal\u00f3n Emperador del Hotel Marquis Reforma, en la Ciudad de M\u00e9xico, el Comit\u00e9 Organizador se dio cita para presentar los pormenores de la convocatoria, en la que destacan la\u00a0<b>captaci\u00f3n de apoyos.<\/b><\/p>\n<p class=\"paragraph\" data-mrf-recirculation=\"Links inline\">El Comit\u00e9 Organizador est\u00e1 conformado por Arturo S\u00e1nchez Guti\u00e9rrez, Alejandra Latap\u00ed, Rodrigo Morales, Mar\u00eda Teresa Gonz\u00e1lez, Juan Manuel Herrero, Marco Antonio Ba\u00f1os y Patricia McCarthy Caballero.<\/p>\n<p class=\"paragraph\" data-mrf-recirculation=\"Links inline\">Fue luego de que se present\u00f3 el calendario de la competencia el pasado lunes 26 de junio que los m\u00e1s de 10 personajes pol\u00edticos de la oposici\u00f3n comenzaron a ratificar sus aspiraciones, o bien, a declinarlas.<\/p>\n<div class=\"d23-recommended-card__info\">\n<p class=\"paragraph\" data-mrf-recirculation=\"Links inline\">Entre los primeros se encontr\u00f3 Enrique de la Madrid,<b>\u00a0X\u00f3chitl G\u00e1lvez<\/b>, Beatriz Paredes, Ildefonso Guajardo, Francisco Garc\u00eda Cabeza de Vaca, Santiago Creel, entre otros; mientras que entre quienes optaron por hacerse a un lado se encontraron Claudia Ruiz Massieu, el empresario Gustavo de Hoyos, Alejandro Murat, Lilly T\u00e9llez, entre otros.<\/p>\n<p class=\"paragraph\" data-mrf-recirculation=\"Links inline\">De tal forma que el listado de la oposici\u00f3n para hacerle frente a las<b>\u00a0corcholatas de Morena<\/b>\u00a0y sus aliados se ha reducido a menos de 10, pues a\u00fan no se han pronunciado abiertamente en torno al proceso personajes como Juan Carlos Romero Hicks, Miguel \u00c1ngel Mancera o Silvano Aureoles.<\/p>\n<p class=\"paragraph\" data-mrf-recirculation=\"Links inline\">Sin embargo, durante la presentaci\u00f3n de los requisitos el Comit\u00e9 Organizador y los partidos pol\u00edticos dejaron claro que es posible que surja una candidatura desde la ciudadan\u00eda.<\/p>\n<p class=\"paragraph\" data-mrf-recirculation=\"Links inline\">Se critic\u00f3 al presidente\u00a0<b>Andr\u00e9s Manuel L\u00f3pez Obrador<\/b>\u00a0por meterse en el proceso de selecci\u00f3n del Frente Amplio por M\u00e9xico y por inmiscuirse en el de su propio partido, pese a ser jefe de Estado. Acusaron al jefe del Ejecutivo federal de usar los servicios de espionaje en contra de la oposici\u00f3n.<\/p>\n<div class=\"d23-recommended-card__info\">\n<p class=\"paragraph\" data-mrf-recirculation=\"Links inline\">Esta informaci\u00f3n, se dijo, ser\u00e1 usada para iniciar con procesos de descalificaci\u00f3n en contra de los aspirantes de la oposici\u00f3n a la Presidencia de la Rep\u00fablica.<\/p>\n<h2 class=\"header d23-headline-class-h2\">La convocatoria del Frente Amplio<\/h2>\n<p class=\"paragraph\" data-mrf-recirculation=\"Links inline\">El Comit\u00e9 Organizador inform\u00f3 en primera instancia que no cuenta con una cabeza para no contar con un vocer\u00eda fija, sino que esta se rotar\u00e1. Se convoc\u00f3 tanto a personajes partidistas como a ciudadanos para la construcci\u00f3n del<b>\u00a0Frente Amplio por M\u00e9xico<\/b>.<\/p>\n<p class=\"paragraph\" data-mrf-recirculation=\"Links inline\">En este ejercicio participar\u00e1n ciudadanos con\u00a0<b>INE vigente<\/b>\u00a0con fotograf\u00eda.<\/p>\n<p class=\"paragraph\" data-mrf-recirculation=\"Links inline\">La primera etapa es el registro de los y las aspirantes inicia este 4 de julio y concluye el 9 de julio, se realizar\u00e1 ante la sede del Comit\u00e9 Organizador y luego en la sede de los tres partidos del Frente Amplio por M\u00e9xico.<\/p>\n<p class=\"paragraph\" data-mrf-recirculation=\"Links inline\">Los\u00a0<b>requisitos\u00a0<\/b>son:<\/p>\n<p class=\"paragraph\" data-mrf-recirculation=\"Links inline\">&#8211; Contar con una cita ante el Comit\u00e9 Organizador para entregar solicitud y documentos.<\/p>\n<p class=\"paragraph\" data-mrf-recirculation=\"Links inline\">&#8211; Copia de acta de nacimiento.<\/p>\n<p class=\"paragraph\" data-mrf-recirculation=\"Links inline\">&#8211; Copia del INE con fotograf\u00eda.<\/p>\n<p class=\"paragraph\" data-mrf-recirculation=\"Links inline\">&#8211; Curriculum que acredite antecedentes.<\/p>\n<p class=\"paragraph\" data-mrf-recirculation=\"Links inline\">&#8211; Una carta de exposici\u00f3n de motivos en donde expresen por qu\u00e9 quieren representar al Frente.<\/p>\n<p class=\"paragraph\" data-mrf-recirculation=\"Links inline\">&#8211; Contar con la declaraci\u00f3n 3 de 3 en transparencia.<\/p>\n<p class=\"paragraph\" data-mrf-recirculation=\"Links inline\">&#8211; La declaraci\u00f3n 3 de 3 de violencia.<\/p>\n<p class=\"paragraph\" data-mrf-recirculation=\"Links inline\">&#8211; Carta de derechos y obligaciones partidistas.<\/p>\n<p class=\"paragraph\" data-mrf-recirculation=\"Links inline\">&#8211; Consentimiento de uso de datos personales de conformidad con la ley.<\/p>\n<p class=\"paragraph\" data-mrf-recirculation=\"Links inline\">&#8211; La designaci\u00f3n de persona representante para recibir y o\u00edr notificaciones.<\/p>\n<p class=\"paragraph\" data-mrf-recirculation=\"Links inline\">&#8211; Firma de conformidad con el m\u00e9todo.<\/p>\n<p class=\"paragraph\" data-mrf-recirculation=\"Links inline\">El 10 de julio se informar\u00e1 qui\u00e9nes participaron y cumplieron con los requisitos, tras ello podr\u00e1n acceder a una plataforma para registro de \u201csimpat\u00edas\u201d, la cual estar\u00e1 disponible desde el 12 de julio, y hasta el 5 de agosto estas personas podr\u00e1n\u00a0<b>captar firmas<\/b>\u00a0y la ciudadan\u00eda podr\u00e1 inscribirse.<\/p>\n<p class=\"paragraph\" data-mrf-recirculation=\"Links inline\">Son 150 mil firmas en\u00a0<b>al menos 17 entidades<\/b>\u00a0por dispersi\u00f3n geogr\u00e1fica las que deber\u00e1n captarse a trav\u00e9s de la aplicaci\u00f3n; y para el 10 de agosto se presenta el primer gran foro en donde participar\u00e1n los aspirantes que haya cumplido con las firmas.<\/p>\n<p class=\"paragraph\" data-mrf-recirculation=\"Links inline\">Habr\u00e1 un primer sondeo de opini\u00f3n del 11 al 16 de agosto, con el cual se har\u00e1 una valoraci\u00f3n y se informar\u00e1 a los participantes los criterios de evaluaci\u00f3n.<\/p>\n<p class=\"paragraph\" data-mrf-recirculation=\"Links inline\">Tras ello quedar\u00e1n hasta esta etapa tres aspirantes, quienes tengan los mejores resultados de opini\u00f3n. Participar\u00e1n en<b>\u00a0cinco foros\u00a0<\/b>en cinco circunscripciones: el primero el 17 de agosto en Tijuana; el segundo el 19 en Monterrey; 22 de agosto en Le\u00f3n; 24 en Guadalajara; 26 en M\u00e9rida.<\/p>\n<p class=\"paragraph\" data-mrf-recirculation=\"Links inline\">Se levantar\u00e1 el segundo estudio de opini\u00f3n del 27 al 30 de agosto, cuyos cuestionarios y metodolog\u00eda se dar\u00e1n a conocer a los aspirantes y para el 3 de septiembre se dar\u00e1n a conocer los resultados del segundo<b>\u00a0estudio de opini\u00f3n<\/b>\u00a0y se dar\u00e1 a conocer a la persona ganadora.<\/p>\n<p class=\"paragraph\" data-mrf-recirculation=\"Links inline\">Resultados de la jornada tendr\u00e1 un valor de 50 % y el segundo estudio de opini\u00f3n tendr\u00e1 otro 50 %; la persona ganadora ser\u00e1 quien tenga el mejor desempe\u00f1o en ambos y la fiscalizaci\u00f3n de recursos correr\u00e1 a cargo del INE.<\/p>\n<\/div>\n<\/div>\n<\/div>\n","protected":false},"excerpt":{"rendered":"<p>El listado de personajes que buscan la candidatura de la oposici\u00f3n a la Presidencia se&#8230;<\/p>\n","protected":false},"author":1,"featured_media":17358,"comment_status":"open","ping_status":"closed","sticky":false,"template":"","format":"standard","meta":{"footnotes":""},"categories":[2],"tags":[],"class_list":["post-17356","post","type-post","status-publish","format-standard","has-post-thumbnail","hentry","category-nacional"],"_links":{"self":[{"href":"https:\/\/newsqr.com.mx\/index.php?rest_route=\/wp\/v2\/posts\/17356","targetHints":{"allow":["GET"]}}],"collection":[{"href":"https:\/\/newsqr.com.mx\/index.php?rest_route=\/wp\/v2\/posts"}],"about":[{"href":"https:\/\/newsqr.com.mx\/index.php?rest_route=\/wp\/v2\/types\/post"}],"author":[{"embeddable":true,"href":"https:\/\/newsqr.com.mx\/index.php?rest_route=\/wp\/v2\/users\/1"}],"replies":[{"embeddable":true,"href":"https:\/\/newsqr.com.mx\/index.php?rest_route=%2Fwp%2Fv2%2Fcomments&post=17356"}],"version-history":[{"count":0,"href":"https:\/\/newsqr.com.mx\/index.php?rest_route=\/wp\/v2\/posts\/17356\/revisions"}],"wp:featuredmedia":[{"embeddable":true,"href":"https:\/\/newsqr.com.mx\/index.php?rest_route=\/wp\/v2\/media\/17358"}],"wp:attachment":[{"href":"https:\/\/newsqr.com.mx\/index.php?rest_route=%2Fwp%2Fv2%2Fmedia&parent=17356"}],"wp:term":[{"taxonomy":"category","embeddable":true,"href":"https:\/\/newsqr.com.mx\/index.php?rest_route=%2Fwp%2Fv2%2Fcategories&post=17356"},{"taxonomy":"post_tag","embeddable":true,"href":"https:\/\/newsqr.com.mx\/index.php?rest_route=%2Fwp%2Fv2%2Ftags&post=17356"}],"curies":[{"name":"wp","href":"https:\/\/api.w.org\/{rel}","templated":true}]}}