{"id":17365,"date":"2023-07-03T16:30:11","date_gmt":"2023-07-03T21:30:11","guid":{"rendered":"https:\/\/xn--mscarasypolticascozumel-t5b42a.com\/?p=17365"},"modified":"2023-07-03T16:30:11","modified_gmt":"2023-07-03T21:30:11","slug":"amlo-revelo-que-xochitl-galvez-es-el-dedazo-de-va-por-mexico-para-las-elecciones-2024","status":"publish","type":"post","link":"https:\/\/newsqr.com.mx\/?p=17365","title":{"rendered":"AMLO revel\u00f3 que X\u00f3chitl G\u00e1lvez es el \u201cdedazo\u201d de Va por M\u00e9xico para las elecciones 2024"},"content":{"rendered":"<h4 class=\"d23-article-subheadline left \" style=\"text-align: center;\">El presidente volvi\u00f3 a acusar que el m\u00e9todo del Frente Amplio por M\u00e9xico encubre la designaci\u00f3n \u201carreglada\u201d de la legisladora como candidata presidencial<\/h4>\n<div class=\"d23-byline\">\n<p class=\"paragraph\" data-mrf-recirculation=\"Links inline\">Tal cual lo hab\u00eda advertido, el presidente\u00a0Andr\u00e9s Manuel\u00a0<b>L\u00f3pez Obrador\u00a0<\/b>(<b>AMLO<\/b>)\u00a0\u201crevel\u00f3\u201d a\u00a0<i>la corcholata\u00a0<\/i>que, seg\u00fan \u00e9l, ser\u00e1 la ficha que el bloque de la oposici\u00f3n lanzar\u00e1 como presidenciable rumbo a las\u00a0<b>elecciones 2024.<\/b><\/p>\n<p class=\"paragraph\" data-mrf-recirculation=\"Links inline\">Desde su\u00a0<i>ma\u00f1anera<\/i>, el Jefe del Ejecutivo se dijo seguro que \u201clas c\u00fapulas\u201d del\u00a0<b>Frente Amplio por M\u00e9xico<\/b>\u00a0\u2014 de la coalici\u00f3n\u00a0<b>Va por M\u00e9xico<\/b>\u00a0\u2014 arregl\u00f3 por anticipado designar a\u00a0<b>X\u00f3chitl G\u00e1lvez<\/b>, legisladora del Partido Acci\u00f3n Nacional (<b>PAN<\/b>), como la candidata presidencial.<\/p>\n<div class=\"d23-blockquote\">\n<blockquote class=\"d23_color_figcaption\"><p>\u201cTengo toda la informaci\u00f3n de que (Claudio X. Gonz\u00e1lez) llev\u00f3 a cabo las consultas para que los represente a este grupo X\u00f3chitl G\u00e1lvez. Hace como 15 d\u00edas me enter\u00e9. (&#8230;) Es un destape que hicieron hace 20 d\u00edas\u201d.<\/p><\/blockquote>\n<\/div>\n<h2 class=\"header d23-headline-class-h2\">\u00bfPor qu\u00e9 la escogieron?, AMLO responde<\/h2>\n<p class=\"paragraph\" data-mrf-recirculation=\"Links inline\">Andr\u00e9s Manuel explic\u00f3 que el bloque conservador habr\u00eda seleccionado a G\u00e1lvez Ruiz por ser la que m\u00e1s apoya el pueblo; ello, dijo \u00e9l, \u201c<b>porque naci\u00f3 de un pueblo<\/b>\u201d: \u201cPero la realidad es que forma parte de los conservadores, no del pueblo\u201d, asever\u00f3.<\/p>\n<div class=\"d23-recommended-card__info\">\n<p class=\"paragraph\" data-mrf-recirculation=\"Links inline\">\u201cTrabaj\u00f3 con (Vicente) Fox. Fue directora del Instituto Indigenista. (&#8230;) Tiene convicciones muy definidas a favor del pueblo pobre. La \u00fanica elecci\u00f3n que ha ganado fue jefa delegacional de Miguel Hidalgo, donde viven los m\u00e1s ricos de M\u00e9xico. (&#8230;) Y son los que ahora la est\u00e1n apoyando\u201d, agreg\u00f3.<\/p>\n<p class=\"paragraph\" data-mrf-recirculation=\"Links inline\">Ello, volvi\u00f3 a insistir, explicar\u00eda la serie de renuncias por parte de otras\u00a0<i>corcholatas<\/i>\u00a0que cuestionaron o se dijeron inconformes con\u00a0el m\u00e9todo\u00a0que arrancar\u00e1 el pr\u00f3ximo 4 de julio; incluida entre \u00e9stas la que figuraba como la m\u00e1s fuerte en las encuestas:\u00a0Lilly T\u00e9llez.<\/p>\n<p class=\"paragraph\" data-mrf-recirculation=\"Links inline\">\u201cPor eso algunos que ya se dieron cuenta est\u00e1n declinando porque no quieren ser comparsa\u201d, declar\u00f3 en conferencia de este 3 de julio.<\/p>\n<p class=\"paragraph\" data-mrf-recirculation=\"Links inline\">Bajo ese sentido, el mandatario reafirm\u00f3 su acusaci\u00f3n en la que se\u00f1al\u00f3 al proceso interno como una estrategia para supuestamente\u00a0<b>encubrir el eventual\u00a0<\/b><b>dedazo\u00a0<\/b>por parte del magnate,\u00a0<b>Claudio X. Gonz\u00e1lez.<\/b><\/p>\n<p class=\"paragraph\" data-mrf-recirculation=\"Links inline\">\u201cEse es el que va a decidir. Todo lo dem\u00e1s\u00a0<b>es pura faramalla.\u00a0<\/b>Se est\u00e1n poniendo de acuerdo arriba, la corrupta, (&#8230;) para tener un candidato y regresar por sus fueros\u201d, coment\u00f3 el pasado 26 de junio \u2014 d\u00eda en que la coalici\u00f3n PAN-PRI-PRD anunci\u00f3 su pol\u00e9mico m\u00e9todo.<\/p>\n<p class=\"paragraph\" data-mrf-recirculation=\"Links inline\">Sin embargo, un d\u00eda despu\u00e9s (el 27) el tabasque\u00f1o se retract\u00f3 de su hip\u00f3tesis al calificar a Gonz\u00e1lez Laporte s\u00f3lo como \u201c<b>el gran elector<\/b>\u201d. Es decir, quien efect\u00faa las \u00f3rdenes de \u201cpol\u00edticos corruptos\u201d y \u201coligarcas\u201d.<\/p>\n<p class=\"paragraph\" data-mrf-recirculation=\"Links inline\">\u201cEse nada m\u00e1s se\u00f1ala. Es el del\u00a0<i>dedazo<\/i>, pero atr\u00e1s le est\u00e1n diciendo qui\u00e9n. (&#8230;)\u00a0<b>Ya lo tienen resuelto<\/b>\u201d, coment\u00f3 al respecto. A ello, aprovech\u00f3 para tachar a\u00a0<i>las corcholatas<\/i>\u00a0de Va por M\u00e9xico como \u201cpaleros\u201d que buscar\u00edan un cargo plurinominal; mientras que\u00a0evoc\u00f3 a quienes desistieron del proceso\u00a0para corroborar su acusaci\u00f3n.<\/p>\n<h2 class=\"header d23-headline-class-h2\">\u00bfQui\u00e9nes de Va por M\u00e9xico ya bajaron la mano?<\/h2>\n<p class=\"paragraph\" data-mrf-recirculation=\"Links inline\">El pasado 2 de julio,\u00a0<b>Alejandro Murat\u00a0<\/b>y\u00a0<b>Gustavo de Hoyos<\/b>\u00a0se unieron a la lista de\u00a0<i>corcholatas<\/i>\u00a0de oposici\u00f3n que se retractaron de participar en el proceso interno de Va por M\u00e9xico. Ambos ex aspirantes, cabe se\u00f1alar,\u00a0<b>cuestionaron el m\u00e9todo<\/b>\u00a0establecido por la triada de dirigencias.<\/p>\n<p class=\"paragraph\" data-mrf-recirculation=\"Links inline\">D\u00edas antes, pero en diferentes momentos,\u00a0<b>Claudia Ruiz Massieu\u00a0<\/b>y\u00a0<b>Lilly T\u00e9llez\u00a0<\/b>informaron que no se registrar\u00e1n como candidatas del Frente Amplio por M\u00e9xico a fin de encarar al bando de la autodenominada Cuarta Transformaci\u00f3n (4T).<\/p>\n<p class=\"paragraph\" data-mrf-recirculation=\"Links inline\">Incluso previo a que Va por M\u00e9xico detall\u00f3 c\u00f3mo designar\u00e1 su candidatura presidencial, el Gobernador de Yucat\u00e1n Mauricio Vila y Germ\u00e1n Mart\u00ednez \u2014 del grupo plural \u2014 adelantaron su dimisi\u00f3n por desacuerdos con el m\u00e9todo<\/p>\n<\/div>\n<\/div>\n","protected":false},"excerpt":{"rendered":"<p>El presidente volvi\u00f3 a acusar que el m\u00e9todo del Frente Amplio por M\u00e9xico encubre la&#8230;<\/p>\n","protected":false},"author":1,"featured_media":17367,"comment_status":"open","ping_status":"closed","sticky":false,"template":"","format":"standard","meta":{"footnotes":""},"categories":[2],"tags":[],"class_list":["post-17365","post","type-post","status-publish","format-standard","has-post-thumbnail","hentry","category-nacional"],"_links":{"self":[{"href":"https:\/\/newsqr.com.mx\/index.php?rest_route=\/wp\/v2\/posts\/17365","targetHints":{"allow":["GET"]}}],"collection":[{"href":"https:\/\/newsqr.com.mx\/index.php?rest_route=\/wp\/v2\/posts"}],"about":[{"href":"https:\/\/newsqr.com.mx\/index.php?rest_route=\/wp\/v2\/types\/post"}],"author":[{"embeddable":true,"href":"https:\/\/newsqr.com.mx\/index.php?rest_route=\/wp\/v2\/users\/1"}],"replies":[{"embeddable":true,"href":"https:\/\/newsqr.com.mx\/index.php?rest_route=%2Fwp%2Fv2%2Fcomments&post=17365"}],"version-history":[{"count":0,"href":"https:\/\/newsqr.com.mx\/index.php?rest_route=\/wp\/v2\/posts\/17365\/revisions"}],"wp:featuredmedia":[{"embeddable":true,"href":"https:\/\/newsqr.com.mx\/index.php?rest_route=\/wp\/v2\/media\/17367"}],"wp:attachment":[{"href":"https:\/\/newsqr.com.mx\/index.php?rest_route=%2Fwp%2Fv2%2Fmedia&parent=17365"}],"wp:term":[{"taxonomy":"category","embeddable":true,"href":"https:\/\/newsqr.com.mx\/index.php?rest_route=%2Fwp%2Fv2%2Fcategories&post=17365"},{"taxonomy":"post_tag","embeddable":true,"href":"https:\/\/newsqr.com.mx\/index.php?rest_route=%2Fwp%2Fv2%2Ftags&post=17365"}],"curies":[{"name":"wp","href":"https:\/\/api.w.org\/{rel}","templated":true}]}}