{"id":17447,"date":"2023-07-05T15:39:57","date_gmt":"2023-07-05T20:39:57","guid":{"rendered":"https:\/\/xn--mscarasypolticascozumel-t5b42a.com\/?p=17447"},"modified":"2023-07-05T15:39:57","modified_gmt":"2023-07-05T20:39:57","slug":"frente-amplio-por-mexico-inicia-el-registro-de-sus-aspirantes-a-la-candidatura-presidencial","status":"publish","type":"post","link":"https:\/\/newsqr.com.mx\/?p=17447","title":{"rendered":"Frente Amplio por M\u00e9xico inicia el registro de sus aspirantes a la candidatura presidencial"},"content":{"rendered":"<div class=\"jsx-3315747106 \">\n<p>El registro de aspirantes a ser el responsable para la construcci\u00f3n del Frente Amplio por M\u00e9xico se llevar\u00e1 a cabo del 4 al 9 de julio, de acuerdo a lo estipulado por el Comit\u00e9 Organizador.<\/p>\n<\/div>\n<div class=\"jsx-1921398030 newsbody\">\n<div class=\"jsx-1921398030\">\n<div class=\"jsx-1020194127\">\n<p class=\"jsx-3954459878\">La senadora\u00a0<strong>X\u00f3chitl G\u00e1lvez<\/strong>\u00a0y los diputados\u00a0<strong>Santiago Creel<\/strong>\u00a0y\u00a0<strong>Gabriel Quadri<\/strong>, as\u00ed como el panista\u00a0<strong>Jorge Luis Preciado<\/strong>, fueron los primeros en registrarse este martes, por separado, en el Comit\u00e9 Organizador y en las sedes nacionales del\u00a0<strong>PAN<\/strong>,\u00a0<strong>PRI<\/strong>\u00a0y\u00a0<strong>PRD<\/strong>, como aspirantes a ser el responsable para la construcci\u00f3n del\u00a0<strong>Frente Amplio por M\u00e9xico<\/strong>, con la mira en las elecciones presidenciales en 2024.<\/p>\n<p class=\"jsx-3954459878\">El registro de aspirantes se llevar\u00e1 a cabo del 4 al 9 de julio, de acuerdo a lo estipulado por el\u00a0Comit\u00e9 Organizador.<\/p>\n<p class=\"jsx-3954459878\">El primero en presentar su documentaci\u00f3n fue\u00a0<strong>Santiago Creel<\/strong>, quien afirm\u00f3 que en su b\u00fasqueda de simpat\u00edas en los partidos, no se quitar\u00e1 las letras del\u00a0Instituto Nacional Electoral\u00a0(<strong>INE<\/strong>) y el PAN.<\/p>\n<p class=\"jsx-3954459878\">\u201cAqu\u00ed vamos a demostrarle a (Andr\u00e9s Manuel) L\u00f3pez Obrador que somos mujeres y hombres libres, determinados a todo. Andr\u00e9s, que sepas que: donde te atrevas a tocar nuestra democracia que tanto nos ha costado, no solamente te vas a topar con pared, va a ser tu fracaso, que sepulte tu tumba pol\u00edtica de tu historia de traidor a la democracia\u201d, dijo Creel.<\/p>\n<p class=\"jsx-3954459878\">Al asegurar que tiene coraz\u00f3n, alma, inteligencia y experiencia para encabezar el\u00a0<strong>Frente Amplio por M\u00e9xico<\/strong>, hizo su predicci\u00f3n: \u201cestar\u00e9 dirigiendo esos esfuerzos, esa lucha, esa batalla, esa guerra, y vamos a cambiarle el rumbo a M\u00e9xico. La propuesta es muy clara, muy directa, sencilla: rescatar a M\u00e9xico; ahora o nunca\u201d.<\/p>\n<p class=\"jsx-3954459878\">Posteriormente, tambi\u00e9n en la sede de los tres partidos,\u00a0<strong>X\u00f3chitl G\u00e1lvez<\/strong>\u00a0reconoci\u00f3 que inicialmente sus esfuerzos estuvieron encaminados a ser candidata a Jefa de Gobierno de la Ciudad de M\u00e9xico.<\/p>\n<p class=\"jsx-3954459878\">\u201cYo quer\u00eda ser Jefa de Gobierno, hab\u00eda trabajado para ello, y de repente llegu\u00e9 a Palacio Nacional, me cerraron las puertas, y fue impresionante c\u00f3mo los mexicanos me abrieron las suyas; estoy conmovida, impactada, de las miles de personas que me pidieron ser la candidata a la Presidencia; m\u00e1s de 50,000 firmas, m\u00e1s de 10,000 mujeres feministas pidi\u00e9ndomelo en la plataforma de Chance.org, que me oblig\u00f3 a hacer una reflexi\u00f3n, y al final, en esa monta\u00f1a en la que estuve en mi pueblo, me dije: nunca te vas a perdonar no intentarlo\u201d.<\/p>\n<p class=\"jsx-3954459878\">X\u00f3chitl G\u00e1lvez reproch\u00f3 los calificativos que ha hecho en su contra el presidente L\u00f3pez Obrador: \u201cesta descalificaci\u00f3n a mi persona, de que no soy quien soy, que no vengo de donde vengo, que vengo de la oligarqu\u00eda \u00a1pues s\u00ed viv\u00eda en un cuarto de l\u00e1mina en Iztapalapa. Yo nunca la v\u00ed (la oligarqu\u00eda) cerca de m\u00ed!\u201d.<\/p>\n<p class=\"jsx-3954459878\">\u201cMe tiene tanto miedo el Presidente; dice que un hombre me puso aqu\u00ed. Que quede claro: a m\u00ed ning\u00fan cabr\u00f3n me ha puesto en ning\u00fan lado, yo soy una mujer que est\u00e1 aqu\u00ed por m\u00e9rito propio\u201d, sentenci\u00f3.<\/p>\n<p class=\"jsx-3954459878\">La senadora del\u00a0<strong>PAN<\/strong>\u00a0neg\u00f3 que se deba pol\u00edticamente a Vicente Fox como dijo L\u00f3pez Obrador. Argument\u00f3 que s\u00ed lleg\u00f3 a su gabinete federal se debi\u00f3 a que fue reclutada por headhunters tras ser reconocida en el foro econ\u00f3mico de Davos. Sostuvo que la batalla pol\u00edtico-electoral del 2024 no ser\u00e1 de izquierdas y derechas, sino de c\u00f3mo resolver problemas del pa\u00eds, como tener energ\u00eda barata, mejor acceso a medicamentos y seguridad p\u00fablica.<\/p>\n<p class=\"jsx-3954459878\">Luego, en la sede nacional del PRI, acompa\u00f1ada del presidente de ese partido, Alejandro Moreno C\u00e1rdenas, X\u00f3chitl G\u00e1lvez dijo: \u201cmi pap\u00e1 fue de esos hombres leales al partido (al PRI), yo fui m\u00e1s rebelde, pero \u00e9l cre\u00eda en los principios de este partido, yo trabaj\u00e9 con \u00d3scar Mayorga, el pap\u00e1 de Nuvia que, por cierto, acaba de salir del PRI\u201d. Dijo que hay muchos mexicanos que quieren que se retome la justicia para el campo y para los pueblos ind\u00edgenas.<\/p>\n<p class=\"jsx-3954459878\">Argument\u00f3 que trabaj\u00f3 con muchos gobernadores priistas. \u201cTe digo presidente Alito, estoy dispuesta a ganarme este espacio, (pero) s\u00ed le pido a todos y cada uno: \u00a1f\u00edrmale!\u201d. Asever\u00f3 que, de entrada, ya cuenta con 60,000 firmas de ciudadanos.<\/p>\n<p class=\"jsx-3954459878\">El diputado\u00a0<strong>Gabriel Quadri<\/strong>\u00a0dijo que el nuevo gobierno que surja en 2024 se va a encontrar un pa\u00eds polarizado socialmente, \u201cun pa\u00eds destruido, desmantelado, con una fiscalidad holgada con alfileres; con un gasto p\u00fablico distorsionado por subsidios masivos clientelares y por proyectos absurdos que hoy significan un gigantesco da\u00f1o patrimonial a la naci\u00f3n; m\u00e1s de un bill\u00f3n de pesos han sido gastado en proyectos que nunca van a ser rentables\u201d. Dijo que se necesitar\u00e1 aprovechar la relocalizaci\u00f3n de empresas, reconstruir instituciones y la pol\u00edtica exterior; recuperar el seguro popular, las escuelas de tiempo completo, las estancias infantiles y sobre todo el territorio nacional para combatir al crimen con toda la fuerza del Estado mediante una polic\u00eda civil.<\/p>\n<p class=\"jsx-3954459878\">\u201cDe no resultar yo favorecido en este proceso, me voy a sumar con todo mi entusiasmo, con todas mis capacidades, para ensamblar un equipo competitivo, con los mejores perfiles de M\u00e9xico, para poder hacer de nuestro pa\u00eds la potencia emergente del siglo XXI\u201d, mencion\u00f3.<\/p>\n<div class=\"jsx-317244180 jsx-1524344588 jsx-238915999 jsx-2334624270 jsx-771075758 jsx-2932945249 banner\">\n<p class=\"jsx-3954459878\">Finalmente, el exsenador y excandidato del PAN al gobierno de Colima,\u00a0<strong>Jorge Luis Preciado<\/strong>, quien previamente acus\u00f3 \u201cdados cargos\u201d en el proceso hacia X\u00f3chitl G\u00e1lvez, se registr\u00f3 como aspirante a encabezar el Frente.<\/p>\n<p class=\"jsx-3954459878\">En la sede del PRI, dijo que no es f\u00e1cil la construcci\u00f3n del Frente y consider\u00f3 que si hay voluntad de las dirigencias de los tres partidos de ceder su facultad de designar candidatos para que sean los ciudadanos, \u00e9l ganar\u00e1 la contienda interna.<\/p>\n<p class=\"jsx-3954459878\">\u201cUno nota cuando el piso se est\u00e1 ladeando de lado (sic), yo ni me voy a rajar ni me voy a callar, ni me voy a bajar. Yo estoy convencido de que si esta elecci\u00f3n la deciden los ciudadanos, no los empresarios, no las dirigencias, los ciudadanos, esta elecci\u00f3n la puedo ganar, porque yo he hecho campa\u00f1as en todo el pa\u00eds\u201d, afirm\u00f3.<\/p>\n<div class=\"jsx-317244180 jsx-1524344588 jsx-238915999 jsx-2334624270 jsx-771075758 jsx-2932945249 banner\">\n<div class=\"jsx-317244180 jsx-1524344588 jsx-238915999 jsx-2334624270 jsx-771075758 jsx-2932945249\">\n<p class=\"jsx-317244180 jsx-1524344588 jsx-238915999 jsx-2334624270 jsx-771075758 jsx-2932945249\">\n<\/div>\n<\/div>\n<\/div>\n<\/div>\n<\/div>\n<\/div>\n","protected":false},"excerpt":{"rendered":"<p>El registro de aspirantes a ser el responsable para la construcci\u00f3n del Frente Amplio por&#8230;<\/p>\n","protected":false},"author":1,"featured_media":17449,"comment_status":"open","ping_status":"closed","sticky":false,"template":"","format":"standard","meta":{"footnotes":""},"categories":[2],"tags":[],"class_list":["post-17447","post","type-post","status-publish","format-standard","has-post-thumbnail","hentry","category-nacional"],"_links":{"self":[{"href":"https:\/\/newsqr.com.mx\/index.php?rest_route=\/wp\/v2\/posts\/17447","targetHints":{"allow":["GET"]}}],"collection":[{"href":"https:\/\/newsqr.com.mx\/index.php?rest_route=\/wp\/v2\/posts"}],"about":[{"href":"https:\/\/newsqr.com.mx\/index.php?rest_route=\/wp\/v2\/types\/post"}],"author":[{"embeddable":true,"href":"https:\/\/newsqr.com.mx\/index.php?rest_route=\/wp\/v2\/users\/1"}],"replies":[{"embeddable":true,"href":"https:\/\/newsqr.com.mx\/index.php?rest_route=%2Fwp%2Fv2%2Fcomments&post=17447"}],"version-history":[{"count":0,"href":"https:\/\/newsqr.com.mx\/index.php?rest_route=\/wp\/v2\/posts\/17447\/revisions"}],"wp:featuredmedia":[{"embeddable":true,"href":"https:\/\/newsqr.com.mx\/index.php?rest_route=\/wp\/v2\/media\/17449"}],"wp:attachment":[{"href":"https:\/\/newsqr.com.mx\/index.php?rest_route=%2Fwp%2Fv2%2Fmedia&parent=17447"}],"wp:term":[{"taxonomy":"category","embeddable":true,"href":"https:\/\/newsqr.com.mx\/index.php?rest_route=%2Fwp%2Fv2%2Fcategories&post=17447"},{"taxonomy":"post_tag","embeddable":true,"href":"https:\/\/newsqr.com.mx\/index.php?rest_route=%2Fwp%2Fv2%2Ftags&post=17447"}],"curies":[{"name":"wp","href":"https:\/\/api.w.org\/{rel}","templated":true}]}}