{"id":17656,"date":"2023-07-12T15:38:07","date_gmt":"2023-07-12T20:38:07","guid":{"rendered":"https:\/\/xn--mscarasypolticascozumel-t5b42a.com\/?p=17656"},"modified":"2023-07-12T15:38:07","modified_gmt":"2023-07-12T20:38:07","slug":"terrorismo-delito-que-debe-ser-perseguido-por-autoridades-de-cozumel","status":"publish","type":"post","link":"https:\/\/newsqr.com.mx\/?p=17656","title":{"rendered":"\u2018Terrorismo\u2019 delito que debe ser perseguido por autoridades de Cozumel"},"content":{"rendered":"<div>\n<div class=\"row m-b-15\">\n<div class=\"col-xs-12 col-sm-12 col-md-12 col-lg-12\">\n<p class=\"introduction\">Catalogan a nivel de terrorismo los casi 60 episodios en los que se han realizado ataques armados a viviendas o negocios en Cozumel.<\/p>\n<\/div>\n<\/div>\n<\/div>\n<div class=\"row m-b-25\">\n<div class=\"col-xs-12 col-sm-12 col-md-12 col-lg-12 info-extra-new\">\n<p>De acuerdo con el C\u00f3digo Penal Federal, las personas o grupos que con actos criminales provocan miedo entre los habitantes de un poblado, municipio o estado, son considerados dentro de la definici\u00f3n legal de terrorismo.<\/p>\n<p>As\u00ed lo asegur\u00f3 el abogado Alberto Barrena Alcaraz al hablar de lo que ocurre en Cozumel donde integrantes de supuestos grupos delictivos provocaron p\u00e1nico y terror entre la poblaci\u00f3n al usar armas de fuego de alto calibre en\u00a0<strong>zonas densamente pobladas.<\/strong><\/p>\n<p>El legista puntualiz\u00f3 que, en su experiencia, estos eventos encajan perfectamente en la definici\u00f3n y el precepto legal. \u201cTenemos leyes, leyes de las mejores del mundo. El problema es que no hay autoridad que las aplique porque hay la presunci\u00f3n de una complicidad con la delincuencia\u201d, acus\u00f3.<\/p>\n<div id=\"div-gpt-ad-inread-64ae16b776e89300135b0713\" data-name=\"inread\" data-size=\"[[336,250], [300,250]]\" data-google-query-id=\"CPLeiNKCioADFVjJhwoddnoIOA\">\n<div id=\"google_ads_iframe_\/4334274\/inread_0__container__\"><\/div>\n<\/div>\n<p>Habitantes de la colonia Emiliano Zapata vivieron momentos de terror cuando dos sicarios a bordo de una motocicleta hicieron disparos en un parque repleto de ni\u00f1os, j\u00f3venes y padres de familia.<\/p>\n<p>Alberto Barrena fue consultado sobre la posibilidad de que las autoridades en materia seguridad e investigaci\u00f3n pudieran catalogar a nivel de terrorismo los casi 60 episodios en los que se han realizado ataques armados a viviendas o negocios en Cozumel, esto sin contar los ataques directos que han resultado en\u00a0<strong>23 personas muertas en los \u00faltimos 22 meses.<\/strong><\/p>\n<p>El litigante puntualiz\u00f3 que efectivamente se trata de grupos de personas organizadas con la intensi\u00f3n de causar, temor, miedo, terror y de provocar una psicosis colectiva con la finalidad de amedrentar a la ciudadan\u00eda y autoridades.<\/p>\n<p>Agreg\u00f3 que, por temor, omisi\u00f3n o por recibir un beneficio, las autoridades se van a hacer de la vista gorda y no har\u00e1n lo conducente en estos casos que ya se han hecho normales en Cozumel.<\/p>\n<div id=\"div-gpt-ad-inread-2-64ae16b776e89300135b0713\" data-name=\"inread\" data-size=\"[[336,250], [300,250]]\" data-google-query-id=\"CIOgiNKCioADFTaPgwgdZaUCfA\">\n<div id=\"google_ads_iframe_\/4334274\/inread_1__container__\"><\/div>\n<\/div>\n<p>El C\u00f3digo Penal Federal habla sobre Delitos Contra la Seguridad de la Naci\u00f3n en el Cap\u00edtulo VI, art\u00edculo 139, inciso 1, que cataloga como terrorismo a quien utilice armas de fuego o por cualquier otro medio violento intencionalmente realice actos en contra de bienes o servicios, ya sea p\u00fablicos o privados, o bien, en contra de la integridad f\u00edsica, emocional, o la vida de personas, que produzcan alarma, temor o terror en la poblaci\u00f3n o en un grupo o sector de ella, para atentar contra la seguridad nacional o presionar a la autoridad o a un particular, u obligar a \u00e9ste para que tome una determinaci\u00f3n.<\/p>\n<section id=\"limit-stiky-64ae16b776e89300135b0713\" class=\"row\">\n<div class=\"col-xs-112 col-sm-10 col-md-10 col-lg-10\">\n<div class=\"row content-news-data-64ae16b776e89300135b0713\">\n<div class=\"col-xs-12 col-sm-12 col-md-12 col-lg-12 cuerpo-nota\">\n<p>La pena es de prisi\u00f3n de 15 a 40 a\u00f1os y 400 a mil 200 d\u00edas de multa, sin perjuicio de las penas que correspondan por otros delitos que resulten.<\/p>\n<\/div>\n<\/div>\n<\/div>\n<\/section>\n<section class=\"row\">\n<div class=\"col-xs-4 col-sm-14 col-md-4 col-lg-4\">\n<div class=\"btn-seguinos-gnews\"><\/div>\n<\/div>\n<\/section>\n<\/div>\n<\/div>\n","protected":false},"excerpt":{"rendered":"<p>Catalogan a nivel de terrorismo los casi 60 episodios en los que se han realizado&#8230;<\/p>\n","protected":false},"author":1,"featured_media":17658,"comment_status":"open","ping_status":"closed","sticky":false,"template":"","format":"standard","meta":{"footnotes":""},"categories":[10],"tags":[],"class_list":["post-17656","post","type-post","status-publish","format-standard","has-post-thumbnail","hentry","category-local"],"_links":{"self":[{"href":"https:\/\/newsqr.com.mx\/index.php?rest_route=\/wp\/v2\/posts\/17656","targetHints":{"allow":["GET"]}}],"collection":[{"href":"https:\/\/newsqr.com.mx\/index.php?rest_route=\/wp\/v2\/posts"}],"about":[{"href":"https:\/\/newsqr.com.mx\/index.php?rest_route=\/wp\/v2\/types\/post"}],"author":[{"embeddable":true,"href":"https:\/\/newsqr.com.mx\/index.php?rest_route=\/wp\/v2\/users\/1"}],"replies":[{"embeddable":true,"href":"https:\/\/newsqr.com.mx\/index.php?rest_route=%2Fwp%2Fv2%2Fcomments&post=17656"}],"version-history":[{"count":0,"href":"https:\/\/newsqr.com.mx\/index.php?rest_route=\/wp\/v2\/posts\/17656\/revisions"}],"wp:featuredmedia":[{"embeddable":true,"href":"https:\/\/newsqr.com.mx\/index.php?rest_route=\/wp\/v2\/media\/17658"}],"wp:attachment":[{"href":"https:\/\/newsqr.com.mx\/index.php?rest_route=%2Fwp%2Fv2%2Fmedia&parent=17656"}],"wp:term":[{"taxonomy":"category","embeddable":true,"href":"https:\/\/newsqr.com.mx\/index.php?rest_route=%2Fwp%2Fv2%2Fcategories&post=17656"},{"taxonomy":"post_tag","embeddable":true,"href":"https:\/\/newsqr.com.mx\/index.php?rest_route=%2Fwp%2Fv2%2Ftags&post=17656"}],"curies":[{"name":"wp","href":"https:\/\/api.w.org\/{rel}","templated":true}]}}