{"id":17659,"date":"2023-07-12T15:39:11","date_gmt":"2023-07-12T20:39:11","guid":{"rendered":"https:\/\/xn--mscarasypolticascozumel-t5b42a.com\/?p=17659"},"modified":"2023-07-12T15:39:11","modified_gmt":"2023-07-12T20:39:11","slug":"esterilizacion-unica-arma-contra-la-sobrepoblacion-de-perros-en-cozumel","status":"publish","type":"post","link":"https:\/\/newsqr.com.mx\/?p=17659","title":{"rendered":"Esterilizaci\u00f3n: \u00fanica arma contra la sobrepoblaci\u00f3n de perros en Cozumel"},"content":{"rendered":"<div>\n<div class=\"row m-b-15\">\n<div class=\"col-xs-12 col-sm-12 col-md-12 col-lg-12\">\n<h4 class=\"introduction\" style=\"text-align: center;\">Anuncian jornada de esterilizaci\u00f3n el pr\u00f3ximo s\u00e1bado 22 de julio en las instalaciones del Centro Comunitario \u201cEl Pintor\u201d.<\/h4>\n<\/div>\n<\/div>\n<\/div>\n<div class=\"row m-b-25\">\n<div class=\"col-xs-12 col-sm-12 col-md-12 col-lg-12 info-extra-new\">\n<p>Lo que en Cozumel abundan son\u00a0<strong>perros en situaci\u00f3n de abandono<\/strong>\u00a0y muchos de ellos terminan desamparados en las carreteras de la isla donde son dejados por sus due\u00f1os y lo hacen sin que est\u00e9n esterilizados.<\/p>\n<p>Laura De la Fuente Alcal\u00e1, representante de la organizaci\u00f3n civil\u00a0<strong>\u201cKan Cozumel\u201d,<\/strong> anunci\u00f3 la campa\u00f1a de esterilizaci\u00f3n de mascotas gratuita para el 22 de julio.<\/p>\n<p>\u201cKan Cozumel\u201d recibe patrocinios y donaciones con la que organiza esta jornada de castraci\u00f3n, sin un solo peso de ayuda de instituciones gubernamentales.<\/p>\n<p>La empresaria, quien lleva casi dos d\u00e9cadas en el activismo de protecci\u00f3n animal, recalc\u00f3 que esterilizar es la \u00fanica arma contra el incremento de la\u00a0<strong>poblaci\u00f3n de animales de compa\u00f1\u00eda.<\/strong><\/p>\n<p>El personal de la Subdirecci\u00f3n de Salud, en cuyo organigrama est\u00e1 incluido el\u00a0<strong>Centro de Control Animal Asistencia y Zoonosis<\/strong>\u00a0(CCA), no cuenta con cifras de perros y gatos que viven en las calles.<\/p>\n<p>Cada a\u00f1o el 21 de julio de celebra el D\u00eda Mundial del Perro y el 27 del mismo mes se conmemora el\u00a0<strong>D\u00eda Internacional del Perro Callejero<\/strong>, seg\u00fan cifras del\u00a0<strong>Instituto Nacional de Estad\u00edstica y Geograf\u00eda<\/strong>\u00a0(INEGI), en M\u00e9xico hay alrededor de 23 millones de mascotas, de estas el 70%, 17.6 millones, vive en la calle. Los estimados en Cozumel son desconocidos.<\/p>\n<p>La jornada de esterilizaci\u00f3n ser\u00e1 el pr\u00f3ximo s\u00e1bado 22 de julio en las instalaciones del\u00a0<strong>Centro Comunitario \u201cEl Pintor\u201d,<\/strong>\u00a0localizado en la entrada del Fraccionamiento El Encanto, a donde se llega siguiendo la prolongaci\u00f3n de la avenida 11.<\/p>\n<div class=\"google-auto-placed ap_container\">\n<p>Los servicios ser\u00e1n gratuitos y no se necesita cita previa en horarios de recepci\u00f3n de 8:30, 9:30 y 10:30 de la ma\u00f1ana, detall\u00f3 la animalista.<\/p>\n<p>Asimismo, detallaron que la campa\u00f1a, detall\u00f3, es un proyecto comunitario en el que participan organizaciones de la sociedad civil, empresas privadas, ciudadanos voluntarios de la isla y otras ciudades, todos comprometidos con el bienestar com\u00fan de la isla.<\/p>\n<\/div>\n<\/div>\n<\/div>\n","protected":false},"excerpt":{"rendered":"<p>Anuncian jornada de esterilizaci\u00f3n el pr\u00f3ximo s\u00e1bado 22 de julio en las instalaciones del Centro&#8230;<\/p>\n","protected":false},"author":1,"featured_media":17661,"comment_status":"open","ping_status":"closed","sticky":false,"template":"","format":"standard","meta":{"footnotes":""},"categories":[10],"tags":[],"class_list":["post-17659","post","type-post","status-publish","format-standard","has-post-thumbnail","hentry","category-local"],"_links":{"self":[{"href":"https:\/\/newsqr.com.mx\/index.php?rest_route=\/wp\/v2\/posts\/17659","targetHints":{"allow":["GET"]}}],"collection":[{"href":"https:\/\/newsqr.com.mx\/index.php?rest_route=\/wp\/v2\/posts"}],"about":[{"href":"https:\/\/newsqr.com.mx\/index.php?rest_route=\/wp\/v2\/types\/post"}],"author":[{"embeddable":true,"href":"https:\/\/newsqr.com.mx\/index.php?rest_route=\/wp\/v2\/users\/1"}],"replies":[{"embeddable":true,"href":"https:\/\/newsqr.com.mx\/index.php?rest_route=%2Fwp%2Fv2%2Fcomments&post=17659"}],"version-history":[{"count":0,"href":"https:\/\/newsqr.com.mx\/index.php?rest_route=\/wp\/v2\/posts\/17659\/revisions"}],"wp:featuredmedia":[{"embeddable":true,"href":"https:\/\/newsqr.com.mx\/index.php?rest_route=\/wp\/v2\/media\/17661"}],"wp:attachment":[{"href":"https:\/\/newsqr.com.mx\/index.php?rest_route=%2Fwp%2Fv2%2Fmedia&parent=17659"}],"wp:term":[{"taxonomy":"category","embeddable":true,"href":"https:\/\/newsqr.com.mx\/index.php?rest_route=%2Fwp%2Fv2%2Fcategories&post=17659"},{"taxonomy":"post_tag","embeddable":true,"href":"https:\/\/newsqr.com.mx\/index.php?rest_route=%2Fwp%2Fv2%2Ftags&post=17659"}],"curies":[{"name":"wp","href":"https:\/\/api.w.org\/{rel}","templated":true}]}}