{"id":17695,"date":"2023-07-13T16:17:33","date_gmt":"2023-07-13T21:17:33","guid":{"rendered":"https:\/\/xn--mscarasypolticascozumel-t5b42a.com\/?p=17695"},"modified":"2023-07-13T16:17:33","modified_gmt":"2023-07-13T21:17:33","slug":"la-fundacion-de-parques-y-museos-de-cozumel-invita-a-participar-en-la-tercera-edicion-de-la-campana-maneja-con-precaucion-y-salva-la-fauna-silvestre","status":"publish","type":"post","link":"https:\/\/newsqr.com.mx\/?p=17695","title":{"rendered":"La Fundaci\u00f3n de Parques y Museos de Cozumel invita a participar en la tercera edici\u00f3n de la campa\u00f1a \u201cManeja con Precauci\u00f3n y Salva la Fauna Silvestre\u201d"},"content":{"rendered":"<h4 style=\"text-align: center;\">Se promueve la acci\u00f3n social en la concientizaci\u00f3n y conservaci\u00f3n de los recursos naturales<\/h4>\n<div class=\"sharedaddy sd-sharing-enabled\">\n<p>La Fundaci\u00f3n de Parques y Museos de Cozumel (FPMC) convoca a las conductoras y conductores a sumarse a la campa\u00f1a \u201cManeja con Precauci\u00f3n y Salva la Fauna Silvestre\u201d, que se llevar\u00e1 a cabo el pr\u00f3ximo s\u00e1bado, en el exterior del Centro de Conservaci\u00f3n y Educaci\u00f3n Ambiental (CCEA).<\/p>\n<p>&nbsp;<\/p>\n<p>A trav\u00e9s del Nuevo Acuerdo por el Bienestar y Desarrollo de Quintana Roo, que impulsa la gobernadora Mara Lezama se promueve la participaci\u00f3n social en acciones de concientizaci\u00f3n y conservaci\u00f3n de los recursos naturales, as\u00ed como la protecci\u00f3n de las diferentes especies de la flora y fauna.<\/p>\n<div class=\"google-auto-placed ap_container\"><ins class=\"adsbygoogle adsbygoogle-noablate\" data-ad-format=\"auto\" data-ad-client=\"ca-pub-3166742886710488\" data-adsbygoogle-status=\"done\" data-ad-status=\"unfilled\"><\/p>\n<div id=\"aswift_2_host\" tabindex=\"0\" title=\"Advertisement\" aria-label=\"Advertisement\"><iframe loading=\"lazy\" id=\"aswift_2\" src=\"https:\/\/googleads.g.doubleclick.net\/pagead\/ads?client=ca-pub-3166742886710488&amp;output=html&amp;h=280&amp;adk=348024395&amp;adf=1869830428&amp;pi=t.aa~a.1381849204~i.5~rp.4&amp;w=1080&amp;fwrn=4&amp;fwrnh=100&amp;lmt=1689279151&amp;num_ads=1&amp;rafmt=1&amp;armr=3&amp;sem=mc&amp;pwprc=6328042620&amp;ad_type=text_image&amp;format=1080x280&amp;url=https%3A%2F%2Fnewsreportmx.com%2F2023%2F07%2F13%2Fla-fundacion-de-parques-y-museos-de-cozumel-invita-a-participar-en-la-tercera-edicion-de-la-campana-maneja-con-precaucion-y-salva-la-fauna-silvestre%2F&amp;host=ca-host-pub-2644536267352236&amp;fwr=0&amp;pra=3&amp;rh=200&amp;rw=1080&amp;rpe=1&amp;resp_fmts=3&amp;wgl=1&amp;fa=27&amp;uach=WyJXaW5kb3dzIiwiNy4wLjAiLCJ4ODYiLCIiLCIxMTQuMC41NzM1LjE5OSIsW10sMCxudWxsLCI2NCIsW1siTm90LkEvQnJhbmQiLCI4LjAuMC4wIl0sWyJDaHJvbWl1bSIsIjExNC4wLjU3MzUuMTk5Il0sWyJHb29nbGUgQ2hyb21lIiwiMTE0LjAuNTczNS4xOTkiXV0sMF0.&amp;dt=1689282898177&amp;bpp=4&amp;bdt=4655&amp;idt=4&amp;shv=r20230711&amp;mjsv=m202307060101&amp;ptt=9&amp;saldr=aa&amp;abxe=1&amp;cookie=ID%3Dd366511acc1c1797-22b3d9e37fe1005e%3AT%3D1686690573%3ART%3D1689282898%3AS%3DALNI_MZ7tHlKaWPaz_AyCSr_H0kWHWJ7-Q&amp;gpic=UID%3D00000c4e93442281%3AT%3D1686690573%3ART%3D1689282898%3AS%3DALNI_MYCuxNDrVGcKHHMvYMsl2ACuOnMTA&amp;prev_fmts=0x0%2C1200x280&amp;nras=3&amp;correlator=1169858032916&amp;frm=20&amp;pv=1&amp;ga_vid=872407356.1686690574&amp;ga_sid=1689282898&amp;ga_hid=1573762144&amp;ga_fc=1&amp;u_tz=-300&amp;u_his=8&amp;u_h=900&amp;u_w=1600&amp;u_ah=870&amp;u_aw=1600&amp;u_cd=24&amp;u_sd=1&amp;dmc=4&amp;adx=15&amp;ady=2321&amp;biw=1583&amp;bih=725&amp;scr_x=0&amp;scr_y=0&amp;eid=44788441%2C44788471&amp;oid=2&amp;pvsid=3119669840430744&amp;tmod=972931941&amp;uas=0&amp;nvt=1&amp;ref=https%3A%2F%2Fwww.google.com%2F&amp;fc=1408&amp;brdim=0%2C0%2C0%2C0%2C1600%2C0%2C1600%2C870%2C1600%2C742&amp;vis=1&amp;rsz=%7C%7Cs%7C&amp;abl=NS&amp;fu=1152&amp;bc=31&amp;ifi=3&amp;uci=a!3&amp;btvi=1&amp;fsb=1&amp;xpc=LuKmDgYSCd&amp;p=https%3A\/\/newsreportmx.com&amp;dtd=4806\" name=\"aswift_2\" width=\"1080\" height=\"0\" frameborder=\"0\" marginwidth=\"0\" marginheight=\"0\" scrolling=\"no\" sandbox=\"allow-forms allow-popups allow-popups-to-escape-sandbox allow-same-origin allow-scripts allow-top-navigation-by-user-activation\" data-google-container-id=\"a!3\" data-google-query-id=\"CK-kiZvNjIADFQ0yTwgdpggLtQ\" data-load-complete=\"true\"><\/iframe><\/div>\n<p><\/ins><\/div>\n<p>El director de Conservaci\u00f3n y Educaci\u00f3n Ambiental (CEA), Rafael Chac\u00f3n D\u00edaz, inform\u00f3 que el programa \u201cManeja con Precauci\u00f3n y Salva la Fauna Silvestre\u201d tiene el objetivo de hacer un llamado y recordatorio a las y los conductores de motocicletas y automotores, tanto privados como p\u00fablicos, para reducir su velocidad para evitar atropellamientos de la fauna que cruza las vialidades.<\/p>\n<p>Mencion\u00f3 que, con esta medida la FPMC, a cargo de Jos\u00e9 Luis Chac\u00f3n M\u00e9ndez, busca reducir los \u00edndices de lesiones y muertes de fauna de lento desplazamiento que intenta cruzar las calles, avenidas y carreteras de la Isla, entre los que se encuentran especies de mam\u00edferos, reptiles y aves, como el mapache enano cozumele\u00f1o, cuat\u00edes e iguanas.<\/p>\n<div class=\"google-auto-placed ap_container\"><ins class=\"adsbygoogle adsbygoogle-noablate\" data-ad-format=\"auto\" data-ad-client=\"ca-pub-3166742886710488\" data-adsbygoogle-status=\"done\" data-ad-status=\"unfilled\"><\/p>\n<div id=\"aswift_4_host\" tabindex=\"0\" title=\"Advertisement\" aria-label=\"Advertisement\"><iframe loading=\"lazy\" id=\"aswift_4\" src=\"https:\/\/googleads.g.doubleclick.net\/pagead\/ads?client=ca-pub-3166742886710488&amp;output=html&amp;h=280&amp;adk=348024395&amp;adf=2475179535&amp;pi=t.aa~a.1381849204~i.13~rp.4&amp;w=1080&amp;fwrn=4&amp;fwrnh=100&amp;lmt=1689279151&amp;num_ads=1&amp;rafmt=1&amp;armr=3&amp;sem=mc&amp;pwprc=6328042620&amp;ad_type=text_image&amp;format=1080x280&amp;url=https%3A%2F%2Fnewsreportmx.com%2F2023%2F07%2F13%2Fla-fundacion-de-parques-y-museos-de-cozumel-invita-a-participar-en-la-tercera-edicion-de-la-campana-maneja-con-precaucion-y-salva-la-fauna-silvestre%2F&amp;host=ca-host-pub-2644536267352236&amp;fwr=0&amp;pra=3&amp;rh=200&amp;rw=1080&amp;rpe=1&amp;resp_fmts=3&amp;wgl=1&amp;fa=27&amp;uach=WyJXaW5kb3dzIiwiNy4wLjAiLCJ4ODYiLCIiLCIxMTQuMC41NzM1LjE5OSIsW10sMCxudWxsLCI2NCIsW1siTm90LkEvQnJhbmQiLCI4LjAuMC4wIl0sWyJDaHJvbWl1bSIsIjExNC4wLjU3MzUuMTk5Il0sWyJHb29nbGUgQ2hyb21lIiwiMTE0LjAuNTczNS4xOTkiXV0sMF0.&amp;dt=1689282898202&amp;bpp=3&amp;bdt=4681&amp;idt=3&amp;shv=r20230711&amp;mjsv=m202307060101&amp;ptt=9&amp;saldr=aa&amp;abxe=1&amp;cookie=ID%3Dd366511acc1c1797-22b3d9e37fe1005e%3AT%3D1686690573%3ART%3D1689282898%3AS%3DALNI_MZ7tHlKaWPaz_AyCSr_H0kWHWJ7-Q&amp;gpic=UID%3D00000c4e93442281%3AT%3D1686690573%3ART%3D1689282898%3AS%3DALNI_MYCuxNDrVGcKHHMvYMsl2ACuOnMTA&amp;prev_fmts=0x0%2C1200x280%2C1080x280%2C1080x280%2C490x280&amp;nras=6&amp;correlator=1169858032916&amp;frm=20&amp;pv=1&amp;ga_vid=872407356.1686690574&amp;ga_sid=1689282898&amp;ga_hid=1573762144&amp;ga_fc=1&amp;u_tz=-300&amp;u_his=8&amp;u_h=900&amp;u_w=1600&amp;u_ah=870&amp;u_aw=1600&amp;u_cd=24&amp;u_sd=1&amp;dmc=4&amp;adx=15&amp;ady=2857&amp;biw=1583&amp;bih=725&amp;scr_x=0&amp;scr_y=0&amp;eid=44788441%2C44788471&amp;oid=2&amp;pvsid=3119669840430744&amp;tmod=972931941&amp;uas=0&amp;nvt=1&amp;ref=https%3A%2F%2Fwww.google.com%2F&amp;fc=1408&amp;brdim=0%2C0%2C0%2C0%2C1600%2C0%2C1600%2C870%2C1600%2C742&amp;vis=1&amp;rsz=%7C%7Cs%7C&amp;abl=NS&amp;fu=1152&amp;bc=31&amp;ifi=5&amp;uci=a!5&amp;btvi=4&amp;fsb=1&amp;xpc=ZKoGjlUb1r&amp;p=https%3A\/\/newsreportmx.com&amp;dtd=5142\" name=\"aswift_4\" width=\"1080\" height=\"0\" frameborder=\"0\" marginwidth=\"0\" marginheight=\"0\" scrolling=\"no\" sandbox=\"allow-forms allow-popups allow-popups-to-escape-sandbox allow-same-origin allow-scripts allow-top-navigation-by-user-activation\" data-google-container-id=\"a!5\" data-google-query-id=\"CL24nJvNjIADFbOO0QQdnYAKVQ\" data-load-complete=\"true\"><\/iframe><\/div>\n<p><\/ins><\/div>\n<p>&nbsp;<\/p>\n<p>Dijo que la jornada de concientizaci\u00f3n se realizar\u00e1 en el exterior del CCEA, ubicado en la 65 avenida, en la zona industrial, donde el personal de la FPMC entregar\u00e1 calcoman\u00edas para pegar en zonas visibles de los veh\u00edculos a modo de recordatorio de disminuir la velocidad.<\/p>\n<p>cgc.qroo.gob.mx<br \/>\nqroo.gob.mx<\/p>\n<\/div>\n","protected":false},"excerpt":{"rendered":"<p>Se promueve la acci\u00f3n social en la concientizaci\u00f3n y conservaci\u00f3n de los recursos naturales La&#8230;<\/p>\n","protected":false},"author":1,"featured_media":17697,"comment_status":"open","ping_status":"closed","sticky":false,"template":"","format":"standard","meta":{"footnotes":""},"categories":[10],"tags":[],"class_list":["post-17695","post","type-post","status-publish","format-standard","has-post-thumbnail","hentry","category-local"],"_links":{"self":[{"href":"https:\/\/newsqr.com.mx\/index.php?rest_route=\/wp\/v2\/posts\/17695","targetHints":{"allow":["GET"]}}],"collection":[{"href":"https:\/\/newsqr.com.mx\/index.php?rest_route=\/wp\/v2\/posts"}],"about":[{"href":"https:\/\/newsqr.com.mx\/index.php?rest_route=\/wp\/v2\/types\/post"}],"author":[{"embeddable":true,"href":"https:\/\/newsqr.com.mx\/index.php?rest_route=\/wp\/v2\/users\/1"}],"replies":[{"embeddable":true,"href":"https:\/\/newsqr.com.mx\/index.php?rest_route=%2Fwp%2Fv2%2Fcomments&post=17695"}],"version-history":[{"count":0,"href":"https:\/\/newsqr.com.mx\/index.php?rest_route=\/wp\/v2\/posts\/17695\/revisions"}],"wp:featuredmedia":[{"embeddable":true,"href":"https:\/\/newsqr.com.mx\/index.php?rest_route=\/wp\/v2\/media\/17697"}],"wp:attachment":[{"href":"https:\/\/newsqr.com.mx\/index.php?rest_route=%2Fwp%2Fv2%2Fmedia&parent=17695"}],"wp:term":[{"taxonomy":"category","embeddable":true,"href":"https:\/\/newsqr.com.mx\/index.php?rest_route=%2Fwp%2Fv2%2Fcategories&post=17695"},{"taxonomy":"post_tag","embeddable":true,"href":"https:\/\/newsqr.com.mx\/index.php?rest_route=%2Fwp%2Fv2%2Ftags&post=17695"}],"curies":[{"name":"wp","href":"https:\/\/api.w.org\/{rel}","templated":true}]}}