{"id":17749,"date":"2023-07-15T15:00:27","date_gmt":"2023-07-15T20:00:27","guid":{"rendered":"https:\/\/xn--mscarasypolticascozumel-t5b42a.com\/?p=17749"},"modified":"2023-07-15T15:00:27","modified_gmt":"2023-07-15T20:00:27","slug":"atiende-alcaldesa-de-cozumel-a-vecinos-de-la-colonia-san-gervasio-a-traves-de-brigada-social","status":"publish","type":"post","link":"https:\/\/newsqr.com.mx\/?p=17749","title":{"rendered":"Atiende Alcaldesa de Cozumel a vecinos de la colonia San Gervasio a trav\u00e9s de brigada social"},"content":{"rendered":"<p>Al encabezar la d\u00e9cimo primera edici\u00f3n de la brigada \u201cUnidos por nuestra salud en la prevenci\u00f3n\u201d, la presidenta municipal, Juanita Alonso Marrufo escuch\u00f3 y atendi\u00f3 a los vecinos de la colonia San Gervasio, mientras que, en el camino, supervis\u00f3 los trabajos realizados por el personal de la direcci\u00f3n de Servicios P\u00fablicos, CAMAR y Ecolog\u00eda, que retiraron desechos verdes, cacharros y materiales reciclables.<\/p>\n<p>Como parte de esta actividad, la mun\u00edcipe Juanita Alonso Marrufo, junto con los directores, subdirectores, jefes y coordinadores operativos, recorri\u00f3 la 135 avenida de la colonia San Gervasio, desde la 11 avenida hasta la calle 5 sur, donde supervis\u00f3 los trabajos que llevaron a cabo las brigadas de las diferentes dependencias municipales.<\/p>\n<p>En su recorrido, la edil recibi\u00f3 muestras de respaldo y cari\u00f1o por parte de las vecinas y vecinos, quienes salieron al paso para saludarla, as\u00ed como tambi\u00e9n para gestionar acciones que ayuden a mejorar el bienestar de sus familias y de la zona por donde viven.<\/p>\n<p>A esta actividad de prevenci\u00f3n, tambi\u00e9n se sum\u00f3 una brigada del departamento de Vectores, perteneciente a los Servicios Estatales de Salud (SESA), quienes brindaron informaci\u00f3n sobre las formas de evitar los criaderos de moscos dentro de los hogares y patios, para lo cual repartieron bolsitas con \u201cabate\u201d para ser colocado en pozos, tinacos, tinas y dem\u00e1s contenedores que almacenen agua para el uso dom\u00e9stico.<\/p>\n<p>Como resultado de la d\u00e9cimo primera brigada \u201cUnidos por nuestra salud en la prevenci\u00f3n\u201d el personal logr\u00f3 retirar una gran cantidad de desechos verdes, cacharros y material reciclable, a trav\u00e9s de cuatro camionetas de redilas y una g\u00f3ndola, lo cual fue trasladado a un lugar m\u00e1s adecuado para ser separado y posteriormente darle un destino final adecuado.<strong>\u00a0<\/strong><\/p>\n","protected":false},"excerpt":{"rendered":"<p>Al encabezar la d\u00e9cimo primera edici\u00f3n de la brigada \u201cUnidos por nuestra salud en la&#8230;<\/p>\n","protected":false},"author":1,"featured_media":17751,"comment_status":"open","ping_status":"closed","sticky":false,"template":"","format":"standard","meta":{"footnotes":""},"categories":[10],"tags":[],"class_list":["post-17749","post","type-post","status-publish","format-standard","has-post-thumbnail","hentry","category-local"],"_links":{"self":[{"href":"https:\/\/newsqr.com.mx\/index.php?rest_route=\/wp\/v2\/posts\/17749","targetHints":{"allow":["GET"]}}],"collection":[{"href":"https:\/\/newsqr.com.mx\/index.php?rest_route=\/wp\/v2\/posts"}],"about":[{"href":"https:\/\/newsqr.com.mx\/index.php?rest_route=\/wp\/v2\/types\/post"}],"author":[{"embeddable":true,"href":"https:\/\/newsqr.com.mx\/index.php?rest_route=\/wp\/v2\/users\/1"}],"replies":[{"embeddable":true,"href":"https:\/\/newsqr.com.mx\/index.php?rest_route=%2Fwp%2Fv2%2Fcomments&post=17749"}],"version-history":[{"count":0,"href":"https:\/\/newsqr.com.mx\/index.php?rest_route=\/wp\/v2\/posts\/17749\/revisions"}],"wp:featuredmedia":[{"embeddable":true,"href":"https:\/\/newsqr.com.mx\/index.php?rest_route=\/wp\/v2\/media\/17751"}],"wp:attachment":[{"href":"https:\/\/newsqr.com.mx\/index.php?rest_route=%2Fwp%2Fv2%2Fmedia&parent=17749"}],"wp:term":[{"taxonomy":"category","embeddable":true,"href":"https:\/\/newsqr.com.mx\/index.php?rest_route=%2Fwp%2Fv2%2Fcategories&post=17749"},{"taxonomy":"post_tag","embeddable":true,"href":"https:\/\/newsqr.com.mx\/index.php?rest_route=%2Fwp%2Fv2%2Ftags&post=17749"}],"curies":[{"name":"wp","href":"https:\/\/api.w.org\/{rel}","templated":true}]}}