{"id":18458,"date":"2023-08-10T16:15:13","date_gmt":"2023-08-10T21:15:13","guid":{"rendered":"https:\/\/xn--mscarasypolticascozumel-t5b42a.com\/?p=18458"},"modified":"2023-08-10T16:15:13","modified_gmt":"2023-08-10T21:15:13","slug":"ventas-minoristas-en-mexico-crecen-6-3-en-julio-antad","status":"publish","type":"post","link":"https:\/\/newsqr.com.mx\/?p=18458","title":{"rendered":"Ventas minoristas en M\u00e9xico crecen 6.3% en julio: ANTAD"},"content":{"rendered":"<div class=\"jsx-3315747106 \">\n<p>En julio, las ventas comparables de tiendas minoristas en M\u00e9xico crecieron un 6.3%, informa ANTAD. Las ventas totales de los afiliados a la asociaci\u00f3n tambi\u00e9n aumentaron un 9.2% en el mismo per\u00edodo.<\/p>\n<\/div>\n<div class=\"jsx-1921398030 newsbody\">\n<div class=\"jsx-670345696 share fixed\">\n<div class=\"jsx-670345696 \"><\/div>\n<\/div>\n<div class=\"jsx-1921398030\">\n<div class=\"jsx-1020194127\">\n<p class=\"jsx-3954459878\">Las ventas comparables de las tiendas minoristas en M\u00e9xico\u00a0<strong>aumentaron un 6.3% en julio<\/strong>\u00a0a tasa interanual, seg\u00fan cifras que fueron publicadas el jueves.<\/p>\n<div id=\"espacio_teads\" class=\"jsx-1020194127 adNewChild fi-aic_250\"><\/div>\n<p class=\"jsx-3954459878\">La Asociaci\u00f3n Nacional de Tiendas de Autoservicio y Departamentales (ANTAD), que\u00a0agrupa a m\u00e1s de 47,000 establecimientos en todo el pa\u00eds, se\u00f1al\u00f3 adem\u00e1s que las ventas totales de sus afiliados en el s\u00e9ptimo mes del a\u00f1o subieron un 9.2% en comparaci\u00f3n con el mismo periodo de 2022.<\/p>\n<p class=\"jsx-3954459878\">Al cierre de 2022, las cadenas comerciales que forman la Asociaci\u00f3n Nacional de Tiendas de Autoservicio y Departamentales agrupan en conjunto m\u00e1s de 47 mil tiendas. La superficie total de venta de estos establecimientos suma m\u00e1s de 21.7 millones de metros cuadrados.<\/p>\n<\/div>\n<\/div>\n<\/div>\n","protected":false},"excerpt":{"rendered":"<p>En julio, las ventas comparables de tiendas minoristas en M\u00e9xico crecieron un 6.3%, informa ANTAD&#8230;.<\/p>\n","protected":false},"author":1,"featured_media":18460,"comment_status":"open","ping_status":"closed","sticky":false,"template":"","format":"standard","meta":{"footnotes":""},"categories":[2],"tags":[],"class_list":["post-18458","post","type-post","status-publish","format-standard","has-post-thumbnail","hentry","category-nacional"],"_links":{"self":[{"href":"https:\/\/newsqr.com.mx\/index.php?rest_route=\/wp\/v2\/posts\/18458","targetHints":{"allow":["GET"]}}],"collection":[{"href":"https:\/\/newsqr.com.mx\/index.php?rest_route=\/wp\/v2\/posts"}],"about":[{"href":"https:\/\/newsqr.com.mx\/index.php?rest_route=\/wp\/v2\/types\/post"}],"author":[{"embeddable":true,"href":"https:\/\/newsqr.com.mx\/index.php?rest_route=\/wp\/v2\/users\/1"}],"replies":[{"embeddable":true,"href":"https:\/\/newsqr.com.mx\/index.php?rest_route=%2Fwp%2Fv2%2Fcomments&post=18458"}],"version-history":[{"count":0,"href":"https:\/\/newsqr.com.mx\/index.php?rest_route=\/wp\/v2\/posts\/18458\/revisions"}],"wp:featuredmedia":[{"embeddable":true,"href":"https:\/\/newsqr.com.mx\/index.php?rest_route=\/wp\/v2\/media\/18460"}],"wp:attachment":[{"href":"https:\/\/newsqr.com.mx\/index.php?rest_route=%2Fwp%2Fv2%2Fmedia&parent=18458"}],"wp:term":[{"taxonomy":"category","embeddable":true,"href":"https:\/\/newsqr.com.mx\/index.php?rest_route=%2Fwp%2Fv2%2Fcategories&post=18458"},{"taxonomy":"post_tag","embeddable":true,"href":"https:\/\/newsqr.com.mx\/index.php?rest_route=%2Fwp%2Fv2%2Ftags&post=18458"}],"curies":[{"name":"wp","href":"https:\/\/api.w.org\/{rel}","templated":true}]}}