{"id":18672,"date":"2023-08-22T18:27:29","date_gmt":"2023-08-22T23:27:29","guid":{"rendered":"https:\/\/xn--mscarasypolticascozumel-t5b42a.com\/?p=18672"},"modified":"2023-08-22T18:27:29","modified_gmt":"2023-08-22T23:27:29","slug":"tepjf-atora-a-regidor-de-cozumel-que-ejercio-violencia-contra-companeras-usa-el-whatsapp-como-prueba","status":"publish","type":"post","link":"https:\/\/newsqr.com.mx\/?p=18672","title":{"rendered":"TEPJF \u2018atora\u2019 a regidor de Cozumel que ejerci\u00f3 violencia contra compa\u00f1eras; usa el WhatsApp como prueba"},"content":{"rendered":"<div class=\"row\">\n<div class=\"col-sm-xl-12 layout-section wrap-bottom\">\n<h4 class=\"primary-font__PrimaryFontStyles-o56yd5-0 heuGTu h4-primary sub-headline\" style=\"text-align: center;\">La alcaldesa de Cozumel, Juanita Alonso, y regidoras del municipio levantaron un expediente contra el regidor, Pedro Francisco Centeno Ku.<\/h4>\n<div class=\"default__StyledDiv-cj38t1-0 gCPfDm share-bar\">\n<p class=\"default__StyledText-kkhi2r-0 cGAawy body-paragraph\">Los\u00a0<b>mensajes recibidos v\u00eda WhatsApp s\u00ed pueden ser considerados como prueba para acreditar la\u00a0<\/b>violencia pol\u00edtica en raz\u00f3n de g\u00e9nero,\u00a0resolvi\u00f3 la Sala Regional Xalapa del\u00a0<b>Tribunal Electoral del Poder Judicial de la Federaci\u00f3n (TEPJF).<\/b><\/p>\n<p class=\"default__StyledText-kkhi2r-0 cGAawy body-paragraph\">En sesi\u00f3n p\u00fablica realizada este lunes, determin\u00f3 que el valor probatorio de los mensajes de audio extra\u00eddos de una conversaci\u00f3n privada de WhatsApp, se acredita cuando es aportada de manera voluntaria por alguna de las personas implicadas en la conversaci\u00f3n.<\/p>\n<div id=\"arcad-feature-460\" class=\"default__StyledAdUnit-ijbiyl-0 bWigPu arcad-feature margin-md-bottom \">\n<div id=\"\" class=\"arcad-container\">\n<div id=\"lazy_3\">\n<div id=\"inread_oop\" class=\"arcad ad-1x1\" data-google-query-id=\"CI2rxpK18YADFcNVDwIdjbUFoA\">\n<div id=\"google_ads_iframe_\/77835600\/ElFinanciero__internas\/inread_oop_0__container__\"><\/div>\n<\/div>\n<\/div>\n<\/div>\n<\/div>\n<p class=\"default__StyledText-kkhi2r-0 cGAawy body-paragraph\">Por ello, la Sala ratific\u00f3 la sentencia del Tribunal electoral de Quintana Roo que determin\u00f3 la existencia de violencia pol\u00edtica por raz\u00f3n de g\u00e9nero atribuida a<b>\u00a0Pedro Francisco Centeno Ku, sexto regidor del Ayuntamiento de Cozumel.<\/b><\/p>\n<p class=\"default__StyledText-kkhi2r-0 cGAawy body-paragraph\">De acuerdo con el expediente dicha\u00a0violencia la ejerci\u00f3<b>\u00a0en contra de la alcaldesa Juanita Alonso, y las regidoras\u00a0<\/b>\u00c1ngela Carrillo Chulim, Fabiola Ch\u00e1vez Brito, Genny Mart\u00ednez y Ana Gabriela Arana Mart\u00edn.<\/p>\n<p class=\"default__StyledText-kkhi2r-0 cGAawy body-paragraph\">La Sala refiri\u00f3 que era obligaci\u00f3n de las autoridades administrativas actuar con diligencia en casos violencia pol\u00edtica en raz\u00f3n de g\u00e9nero; y que fue correcto que se diera<b>\u00a0valor probatorio a los audios extra\u00eddos de una conversaci\u00f3n privada de WhatsApp<\/b>, ya que estos fueron proporcionados de manera voluntaria por la persona implicada en la conversaci\u00f3n.<\/p>\n<div id=\"arcad-feature-4714\" class=\"default__StyledAdUnit-ijbiyl-0 bWigPu arcad-feature margin-md-bottom \">\n<div id=\"\" class=\"arcad-container\">\n<div id=\"lazy_4\">\n<div id=\"box_banner\" class=\"arcad ad-300x250\" data-google-query-id=\"CKLN7JS18YADFclvDwId9XcJlA\">\n<p class=\"default__StyledText-kkhi2r-0 cGAawy body-paragraph\">Adem\u00e1s, de que fue correcto que se ampliara la investigaci\u00f3n al advertirse el se\u00f1alamiento de otras v\u00edctimas, adem\u00e1s de la quejosa inicial; y porque la parte actora no precis\u00f3 qu\u00e9 probanzas se dejaron de analizar.<\/p>\n<p class=\"default__StyledText-kkhi2r-0 cGAawy body-paragraph\">En la sesi\u00f3n p\u00fablica celebrada este\u00a0<b>lunes 21 de agosto<\/b>, la Sala Xalapa resolvi\u00f3 siete medios de impugnaci\u00f3n: dos juicios de la ciudadan\u00eda federal y cinco juicios electorales.<\/p>\n<\/div>\n<\/div>\n<\/div>\n<\/div>\n<\/div>\n<\/div>\n<\/div>\n<div class=\"row\">\n<div class=\"col-sm-md-12 col-lg-xl-8 left-article-section ie-flex-100-percent-sm layout-section\"><\/div>\n<\/div>\n","protected":false},"excerpt":{"rendered":"<p>La alcaldesa de Cozumel, Juanita Alonso, y regidoras del municipio levantaron un expediente contra el&#8230;<\/p>\n","protected":false},"author":1,"featured_media":18674,"comment_status":"open","ping_status":"closed","sticky":false,"template":"","format":"standard","meta":{"footnotes":""},"categories":[10],"tags":[],"class_list":["post-18672","post","type-post","status-publish","format-standard","has-post-thumbnail","hentry","category-local"],"_links":{"self":[{"href":"https:\/\/newsqr.com.mx\/index.php?rest_route=\/wp\/v2\/posts\/18672","targetHints":{"allow":["GET"]}}],"collection":[{"href":"https:\/\/newsqr.com.mx\/index.php?rest_route=\/wp\/v2\/posts"}],"about":[{"href":"https:\/\/newsqr.com.mx\/index.php?rest_route=\/wp\/v2\/types\/post"}],"author":[{"embeddable":true,"href":"https:\/\/newsqr.com.mx\/index.php?rest_route=\/wp\/v2\/users\/1"}],"replies":[{"embeddable":true,"href":"https:\/\/newsqr.com.mx\/index.php?rest_route=%2Fwp%2Fv2%2Fcomments&post=18672"}],"version-history":[{"count":0,"href":"https:\/\/newsqr.com.mx\/index.php?rest_route=\/wp\/v2\/posts\/18672\/revisions"}],"wp:featuredmedia":[{"embeddable":true,"href":"https:\/\/newsqr.com.mx\/index.php?rest_route=\/wp\/v2\/media\/18674"}],"wp:attachment":[{"href":"https:\/\/newsqr.com.mx\/index.php?rest_route=%2Fwp%2Fv2%2Fmedia&parent=18672"}],"wp:term":[{"taxonomy":"category","embeddable":true,"href":"https:\/\/newsqr.com.mx\/index.php?rest_route=%2Fwp%2Fv2%2Fcategories&post=18672"},{"taxonomy":"post_tag","embeddable":true,"href":"https:\/\/newsqr.com.mx\/index.php?rest_route=%2Fwp%2Fv2%2Ftags&post=18672"}],"curies":[{"name":"wp","href":"https:\/\/api.w.org\/{rel}","templated":true}]}}