{"id":18675,"date":"2023-08-22T18:28:54","date_gmt":"2023-08-22T23:28:54","guid":{"rendered":"https:\/\/xn--mscarasypolticascozumel-t5b42a.com\/?p=18675"},"modified":"2023-08-22T18:28:54","modified_gmt":"2023-08-22T23:28:54","slug":"ayudan-a-venadito-cola-blanca-que-nadaba-en-cozumel-a-regresar-a-tierra-firme","status":"publish","type":"post","link":"https:\/\/newsqr.com.mx\/?p=18675","title":{"rendered":"AYUDAN A VENADITO COLA BLANCA QUE NADABA EN COZUMEL A REGRESAR A TIERRA FIRME"},"content":{"rendered":"<p><strong>El video se populariz\u00f3 luego de que el presidente de M\u00e9xico, Andr\u00e9s Manuel L\u00f3pez Obrador, lo public\u00f3 en sus redes sociales<\/strong><\/p>\n<p>Un venado cola blanca salt\u00f3 a la fama en redes sociales luego de la difusi\u00f3n de un video en redes sociales, en el que se aprecia al animal nadando en mar abierto frente a la isla de Cozumel, Quintana Roo.<\/p>\n<p>El video se populariz\u00f3 luego de que el presidente de M\u00e9xico, Andr\u00e9s Manuel L\u00f3pez Obrador, lo public\u00f3 en sus redes sociales, desde donde habl\u00f3 sobre el rescate del venado, que fue auxiliado por prestadores de servicios tur\u00edsticos.<\/p>\n<p>El animal estaba aproximadamente a 1.5 kil\u00f3metros de la costa, por lo que turistas y prestadores de servicios enfilaron sus lanchas y veh\u00edculos acu\u00e1ticos para acompa\u00f1ar en convoy al venadito.<\/p>\n<p>Fue as\u00ed como lo guiaron para llegar m\u00e1s r\u00e1pido a tierra firme, para evitar que se cansara y se ahogara, de acuerdo con el medio local\u00a0<em>La Jornada Maya<\/em>, pues el venado nadaba a la deriva en el mar. El video original fue compartido el fin de semana pasada por un usuario de Facebook.<\/p>\n<p>El venado de cola blanca,\u00a0<em>ceh<\/em>, en maya, es una especie que no est\u00e1 en peligro de extinci\u00f3n y que normalmente habita al sur de Canad\u00e1, los Estados Unidos de Am\u00e9rica, M\u00e9xico, Am\u00e9rica Central, Bolivia, las Guayanas y el norte de Brasil, de acuerdo con la p\u00e1gina oficial de Fauna del gobierno de Yucat\u00e1n.<\/p>\n","protected":false},"excerpt":{"rendered":"<p>El video se populariz\u00f3 luego de que el presidente de M\u00e9xico, Andr\u00e9s Manuel L\u00f3pez Obrador,&#8230;<\/p>\n","protected":false},"author":1,"featured_media":18677,"comment_status":"open","ping_status":"closed","sticky":false,"template":"","format":"standard","meta":{"footnotes":""},"categories":[10],"tags":[],"class_list":["post-18675","post","type-post","status-publish","format-standard","has-post-thumbnail","hentry","category-local"],"_links":{"self":[{"href":"https:\/\/newsqr.com.mx\/index.php?rest_route=\/wp\/v2\/posts\/18675","targetHints":{"allow":["GET"]}}],"collection":[{"href":"https:\/\/newsqr.com.mx\/index.php?rest_route=\/wp\/v2\/posts"}],"about":[{"href":"https:\/\/newsqr.com.mx\/index.php?rest_route=\/wp\/v2\/types\/post"}],"author":[{"embeddable":true,"href":"https:\/\/newsqr.com.mx\/index.php?rest_route=\/wp\/v2\/users\/1"}],"replies":[{"embeddable":true,"href":"https:\/\/newsqr.com.mx\/index.php?rest_route=%2Fwp%2Fv2%2Fcomments&post=18675"}],"version-history":[{"count":0,"href":"https:\/\/newsqr.com.mx\/index.php?rest_route=\/wp\/v2\/posts\/18675\/revisions"}],"wp:featuredmedia":[{"embeddable":true,"href":"https:\/\/newsqr.com.mx\/index.php?rest_route=\/wp\/v2\/media\/18677"}],"wp:attachment":[{"href":"https:\/\/newsqr.com.mx\/index.php?rest_route=%2Fwp%2Fv2%2Fmedia&parent=18675"}],"wp:term":[{"taxonomy":"category","embeddable":true,"href":"https:\/\/newsqr.com.mx\/index.php?rest_route=%2Fwp%2Fv2%2Fcategories&post=18675"},{"taxonomy":"post_tag","embeddable":true,"href":"https:\/\/newsqr.com.mx\/index.php?rest_route=%2Fwp%2Fv2%2Ftags&post=18675"}],"curies":[{"name":"wp","href":"https:\/\/api.w.org\/{rel}","templated":true}]}}