{"id":18825,"date":"2023-08-28T18:42:26","date_gmt":"2023-08-28T23:42:26","guid":{"rendered":"https:\/\/xn--mscarasypolticascozumel-t5b42a.com\/?p=18825"},"modified":"2023-08-28T18:42:26","modified_gmt":"2023-08-28T23:42:26","slug":"miss-universo-2023-este-es-el-traje-tipico-que-representara-a-mexico","status":"publish","type":"post","link":"https:\/\/newsqr.com.mx\/?p=18825","title":{"rendered":"Miss Universo 2023: Este es el traje t\u00edpico que representar\u00e1 a M\u00e9xico"},"content":{"rendered":"<h4 style=\"text-align: center;\"><strong class=\"bajada\">El traje elegido fue elaborado por 13 personas, adem\u00e1s para poder cubrir el costo de los material el dise\u00f1ador realiz\u00f3 rifas.<\/strong><\/h4>\n<div class=\"row\">\n<div class=\"col-md-1 col-sticky\">\n<div class=\"inner-share-bar cf\">\n<div class=\"item\">La noche del s\u00e1bado 26 de agosto durante la concentraci\u00f3n de\u00a0<strong>Mexicana Universal 2023<\/strong>\u00a0se\u00a0realiz\u00f3 el\u00a0<strong>concurso de trajes t\u00edpicos<\/strong>\u00a0para elegir al dise\u00f1o que representar\u00e1 a M\u00e9xico en el concurso\u00a0Miss Universo.La gran final del concurso nacional se realizar\u00e1 el pr\u00f3ximo s\u00e1bado 2 de septiembre, en el Centro de Convenciones y Exposiciones de la ciudad de Aguascalientes, Aguascalientes; la ganadora representar\u00e1 a nuestro\u00a0<strong>pa\u00eds en Miss Universo 2023<\/strong>, que se llevar\u00e1 a cabo en San Salvador<\/p>\n<p>Como parte de los eventos previos a la gala final, fue que se realiz\u00f3 el concurso de trajes t\u00edpicos (que en realidad son trajes de fantas\u00eda que representan a M\u00e9xico), en la plaza de las Tres Centurias en Aguascalientes, Aguascalientes.<\/p>\n<p>El traje t\u00edpico ganador fue \u201cLos Colores de M\u00e9xico: Guardiana Alebrije\u00bb, una creaci\u00f3n del\u00a0<strong>dise\u00f1ador\u00a0\u00c1ngel Ram\u00e9z<\/strong>, y que durante la presentaci\u00f3n fue portado por\u00a0<strong>Mar\u00eda Jos\u00e9 de la Torre<\/strong>, representante designada del estado de Jalisco.<\/p>\n<p>\u00bbHoy se logr\u00f3 un sue\u00f1o muy especial, hoy logramos representar a M\u00e9xico en Miss Universo en la categor\u00eda de Traje T\u00edpico con nuestra obra Los colores de M\u00e9xico: Guardiana Alebrije.\u00bb, coment\u00f3 el dise\u00f1ador en sus redes sociales.<\/p>\n<p>\u00abEl traje es los colores de M\u00e9xico, &#8216;Guardiana Alebrije&#8217;, trat\u00e9 de crear m\u00e1s all\u00e1 de un traje, le di vida a un personaje que siempre lo he mencionado como\u00a0<strong>una hero\u00edna m\u00edstica de coraz\u00f3n mexicano<\/strong>\u201d, destac\u00f3 \u00c1ngel Ram\u00e9z, originario del pueblo Hacienda El Cabez\u00f3n, ubicado en el valle de Ameca, Jalisco.<\/p>\n<p>Adem\u00e1s se dio a conocer que\u00a0<strong>el traje fue elaborado entre 13 personas<\/strong>, durante\u00a0<strong>cuatro meses y tres d\u00edas<\/strong>, \u00ab13 personas con manos m\u00e1gicas, orgullosamente mexicanas\u00bb.<\/p>\n<p>El dise\u00f1ador recalc\u00f3 que el premio tambi\u00e9n pertenece a esas personas; en ese contexto relat\u00f3 que\u00a0la gran mayor\u00eda de la mano de obra es del\u00a0<strong>taller Ram\u00e9z<\/strong>, ah\u00ed dise\u00f1aron todo el vestido ah\u00ed mismo, \u00bbtrabajamos tambi\u00e9n con personas de la\u00a0<strong>comunidad Huichol<\/strong>, con las aplicaciones de flores y\u00a0con\u00a0<strong>joyeros de Guadalajara<\/strong>\u00bb<\/p>\n<p>El concepto del traje est\u00e1 inspirado en la\u00a0<strong>artesan\u00eda de los alebrijes<\/strong>, sin embargo,\u00a0ella no es un alebrije, sino la representaci\u00f3n y guardiana de esos seres tan m\u00e1gicos. El dise\u00f1o es una mezcla tambi\u00e9n con\u00a0un b\u00faho y un venado que\u00a0tienen\u00a0un gran significado, \u00bbsobre todo porque representan seguridad, resguardo\u00bb, indic\u00f3.<\/p>\n<p>\u00bbTrat\u00e9 de buscar un personaje que fuera femenino dentro de los animales que ellos manejan, de la cultura zapoteca, para llevarlo a la vida real y as\u00ed generar los colores de M\u00e9xico\u201d.<\/p>\n<p>\u00bbLos Colores de M\u00e9xico: Guardiana Alebrije\u00bb ser\u00e1 portado ante el universo el pr\u00f3ximo mes de noviembre en\u00a0San Salvador, El Salvador.<\/p>\n<\/div>\n<\/div>\n<\/div>\n<\/div>\n","protected":false},"excerpt":{"rendered":"<p>El traje elegido fue elaborado por 13 personas, adem\u00e1s para poder cubrir el costo de&#8230;<\/p>\n","protected":false},"author":1,"featured_media":18827,"comment_status":"open","ping_status":"closed","sticky":false,"template":"","format":"standard","meta":{"footnotes":""},"categories":[2],"tags":[],"class_list":["post-18825","post","type-post","status-publish","format-standard","has-post-thumbnail","hentry","category-nacional"],"_links":{"self":[{"href":"https:\/\/newsqr.com.mx\/index.php?rest_route=\/wp\/v2\/posts\/18825","targetHints":{"allow":["GET"]}}],"collection":[{"href":"https:\/\/newsqr.com.mx\/index.php?rest_route=\/wp\/v2\/posts"}],"about":[{"href":"https:\/\/newsqr.com.mx\/index.php?rest_route=\/wp\/v2\/types\/post"}],"author":[{"embeddable":true,"href":"https:\/\/newsqr.com.mx\/index.php?rest_route=\/wp\/v2\/users\/1"}],"replies":[{"embeddable":true,"href":"https:\/\/newsqr.com.mx\/index.php?rest_route=%2Fwp%2Fv2%2Fcomments&post=18825"}],"version-history":[{"count":0,"href":"https:\/\/newsqr.com.mx\/index.php?rest_route=\/wp\/v2\/posts\/18825\/revisions"}],"wp:featuredmedia":[{"embeddable":true,"href":"https:\/\/newsqr.com.mx\/index.php?rest_route=\/wp\/v2\/media\/18827"}],"wp:attachment":[{"href":"https:\/\/newsqr.com.mx\/index.php?rest_route=%2Fwp%2Fv2%2Fmedia&parent=18825"}],"wp:term":[{"taxonomy":"category","embeddable":true,"href":"https:\/\/newsqr.com.mx\/index.php?rest_route=%2Fwp%2Fv2%2Fcategories&post=18825"},{"taxonomy":"post_tag","embeddable":true,"href":"https:\/\/newsqr.com.mx\/index.php?rest_route=%2Fwp%2Fv2%2Ftags&post=18825"}],"curies":[{"name":"wp","href":"https:\/\/api.w.org\/{rel}","templated":true}]}}