{"id":18828,"date":"2023-08-28T19:05:40","date_gmt":"2023-08-29T00:05:40","guid":{"rendered":"https:\/\/xn--mscarasypolticascozumel-t5b42a.com\/?p=18828"},"modified":"2023-08-28T19:05:40","modified_gmt":"2023-08-29T00:05:40","slug":"juanita-alonso-inauguro-el-inicio-de-ciclo-escolar-2023-2024-en-cozumel","status":"publish","type":"post","link":"https:\/\/newsqr.com.mx\/?p=18828","title":{"rendered":"Juanita Alonso inaugur\u00f3 el inicio de ciclo escolar 2023-2024 en Cozumel"},"content":{"rendered":"<p class=\"ql-align-justify\">De manera oficial la Presidenta Municipal, Juanita Alonso Marrufo, inaugur\u00f3 el ciclo escolar 2023-2024 donde reafirm\u00f3 su compromiso con la educaci\u00f3n de las y los alrededor de 19 mil estudiantes de los diversos niveles educativos que este d\u00eda regresaron a clases.<\/p>\n<p class=\"ql-align-justify\">En el evento inaugural efectuado en la escuela secundaria general \u201c<em>Luis \u00c1lvarez Barret<\/em>\u201d, el edil, se\u00f1al\u00f3 que el gobierno Municipal se ha unido a la din\u00e1mica de esta nueva forma de gobernar, en donde se interact\u00faa y escucha de forma permanente a la gente.<\/p>\n<p class=\"ql-align-justify\">Agreg\u00f3 que por ello se destinaron recursos p\u00fablicos de manera eficiente para que cuenten con el domo deportivo en las canchas de la escuela, para protecci\u00f3n del clima, adem\u00e1s de brindar un espacio digno para la realizaci\u00f3n de diversas actividades deportivas y art\u00edsticas.<\/p>\n<p class=\"ql-align-justify\">En su intervenci\u00f3n la mun\u00edcipe aprovech\u00f3 para invitar a la comunidad estudiantil para visitar la biblioteca p\u00fablica Municipal, la cual cuenta con nuevas instalaciones y equipo los cuales ofrecen mejores facilidades en sus deberes educativos, as\u00ed como de apoyarse para sus tareas e investigaciones.<\/p>\n<blockquote class=\"ql-align-justify\"><p>\u201cComo pueden ver, trabajar de forma unida es la clave para mejorar el bienestar de todas y todos. En esta importante fecha en que inicia un nuevo a\u00f1o escolar, les deseamos el mejor de los \u00e9xitos, as\u00ed como reiterarles nuestra convicci\u00f3n de continuar unidos para construir un mejor Cozumel\u201d<strong>\u00a0<\/strong>destac\u00f3 la Presidenta Municipal, Juanita Alonso.<\/p><\/blockquote>\n<p class=\"ql-align-justify\">Olinka Alamilla Polanco del jard\u00edn de ni\u00f1os \u201c<em>Edna S\u00e1nchez Rosado<\/em>\u201d; Stephany Yanilen Ake Ctzin de la primaria \u201c<em>Elio Carmichel<\/em>\u201d, Leonel de Jes\u00fas Medina Novelo, de la escuela anfitriona recibieron de las manos de las autoridades los libros de texto de la \u201c<em>Nueva escuela mexicana<\/em>\u201d.<\/p>\n<p class=\"ql-align-justify\">La bienvenida estuvo a cargo de la maestra Gabriela Margarita S\u00e1enz L\u00f3pez, directora de la Escuela Secundaria General \u201cLuis \u00c1lvarez Barret\u201d, quien expuso que este inicio escolar es una oportunidad de avanzar a una nueva visi\u00f3n de aprendizaje.<\/p>\n<p class=\"ql-align-justify\">En la ceremonia inaugural se cont\u00f3 con la presencia de Jos\u00e9 Luis Chac\u00f3n M\u00e9ndez, director de la Fundaci\u00f3n de Parques y Museos de Cozumel, representante de la gobernadora Mara Lezama Espinosa en la isla,\u00a0as\u00ed como tambi\u00e9n la maestra Erika Tecuanhuey Izquierdo, representante de los Servicios Educativos en Quintana Roo quien habl\u00f3 de la encomienda de la Jefa del Ejecutivo, Mara Lezama de impulsar un gobierno humanista, que busca cerrar las brechas de desigualdad, y reafirma su compromiso en la inclusi\u00f3n educativa.<\/p>\n","protected":false},"excerpt":{"rendered":"<p>De manera oficial la Presidenta Municipal, Juanita Alonso Marrufo, inaugur\u00f3 el ciclo escolar 2023-2024 donde&#8230;<\/p>\n","protected":false},"author":1,"featured_media":18830,"comment_status":"open","ping_status":"closed","sticky":false,"template":"","format":"standard","meta":{"footnotes":""},"categories":[10],"tags":[],"class_list":["post-18828","post","type-post","status-publish","format-standard","has-post-thumbnail","hentry","category-local"],"_links":{"self":[{"href":"https:\/\/newsqr.com.mx\/index.php?rest_route=\/wp\/v2\/posts\/18828","targetHints":{"allow":["GET"]}}],"collection":[{"href":"https:\/\/newsqr.com.mx\/index.php?rest_route=\/wp\/v2\/posts"}],"about":[{"href":"https:\/\/newsqr.com.mx\/index.php?rest_route=\/wp\/v2\/types\/post"}],"author":[{"embeddable":true,"href":"https:\/\/newsqr.com.mx\/index.php?rest_route=\/wp\/v2\/users\/1"}],"replies":[{"embeddable":true,"href":"https:\/\/newsqr.com.mx\/index.php?rest_route=%2Fwp%2Fv2%2Fcomments&post=18828"}],"version-history":[{"count":0,"href":"https:\/\/newsqr.com.mx\/index.php?rest_route=\/wp\/v2\/posts\/18828\/revisions"}],"wp:featuredmedia":[{"embeddable":true,"href":"https:\/\/newsqr.com.mx\/index.php?rest_route=\/wp\/v2\/media\/18830"}],"wp:attachment":[{"href":"https:\/\/newsqr.com.mx\/index.php?rest_route=%2Fwp%2Fv2%2Fmedia&parent=18828"}],"wp:term":[{"taxonomy":"category","embeddable":true,"href":"https:\/\/newsqr.com.mx\/index.php?rest_route=%2Fwp%2Fv2%2Fcategories&post=18828"},{"taxonomy":"post_tag","embeddable":true,"href":"https:\/\/newsqr.com.mx\/index.php?rest_route=%2Fwp%2Fv2%2Ftags&post=18828"}],"curies":[{"name":"wp","href":"https:\/\/api.w.org\/{rel}","templated":true}]}}