{"id":18886,"date":"2023-09-04T18:56:23","date_gmt":"2023-09-04T23:56:23","guid":{"rendered":"https:\/\/xn--mscarasypolticascozumel-t5b42a.com\/?p=18886"},"modified":"2023-09-04T18:56:23","modified_gmt":"2023-09-04T23:56:23","slug":"la-fundacion-de-parques-y-museos-de-cozumel-se-sumo-al-programa-el-pueblo-va-a-el-cielo","status":"publish","type":"post","link":"https:\/\/newsqr.com.mx\/?p=18886","title":{"rendered":"La Fundaci\u00f3n de Parques y Museos de Cozumel se sum\u00f3 al programa \u201cEl Pueblo va a El Cielo\u201d"},"content":{"rendered":"<h4 style=\"text-align: center;\">170 personas de la comunidad visitaron la zona conocida como \u201cEl Cielo\u201d<\/h4>\n<div class=\"sharedaddy sd-sharing-enabled\">\n<p>Con el objetivo que la poblaci\u00f3n cozumele\u00f1a de escasos recursos conozca y disfrute de los atractivos naturales y tur\u00edsticos de la isla, la Fundaci\u00f3n de Parques y Museos de Cozumel (FPMC) se sum\u00f3 al programa \u201cEl Pueblo va a El Cielo\u201d, que impulsa la Sociedad Cooperativa de Trabajadores Tur\u00edsticos, Acu\u00e1ticos y Subacu\u00e1ticos \u201cDomingo Mel\u00e9ndez \u00c1lvarez\u201d, que en su primera edici\u00f3n permiti\u00f3 que 170 personas disfrutaran de este viaje recreativo en la zona conocida como \u00abEl Cielo\u00bb.<\/p>\n<p>&nbsp;<\/p>\n<p>La gobernadora Mara Lezama Espinosa, a trav\u00e9s del Nuevo Acuerdo por el Bienestar y Desarrollo de Quintana Roo, impulsa el turismo social para reducir la brecha de desigualdad y permitir la equidad y la igualdad de oportunidades para las familias cozumele\u00f1as, resalt\u00f3 el director general de la FPMC, Jos\u00e9 Luis Chac\u00f3n M\u00e9ndez, durante la inauguraci\u00f3n del programa<\/p>\n<p>&nbsp;<\/p>\n<p>Inform\u00f3 que se decidi\u00f3 apoyar la iniciativa de los cooperativistas porque se promueve la uni\u00f3n familiar, por lo que se aport\u00f3 transportaci\u00f3n desde diferentes puntos de la ciudad hac\u00eda la marina y el combustible para las embarcaciones, refrendando el compromiso de la FPMC para apoyar acciones que beneficien a la mayor cantidad de personas.<\/p>\n<p>&nbsp;<\/p>\n<p>Por su parte, el presidente de la agrupaci\u00f3n tur\u00edstica, William G\u00fcemes Vidal, reconoci\u00f3 el apoyo del organismo estatal para que las familias conocieran \u201cEl Cielo\u201d de manera gratuita, debido a que no todas las personas cuentan la econom\u00eda para conocer y visitar esta zona de la isla. Para finalizar, felicit\u00f3 a la FPMC por estar cercana a la poblaci\u00f3n cozumele\u00f1a.<\/p>\n<p>&nbsp;<\/p>\n<p>Durante la primera edici\u00f3n de \u201cEl Pueblo va a El Cielo\u201d, las y los participantes disfrutaron de un d\u00eda lleno de diversi\u00f3n en convivencia con la naturaleza, en uno de los lugares m\u00e1s tur\u00edsticos de la isla, que es reconocido por su belleza y agua cristalina.<\/p>\n<p>&nbsp;<\/p>\n<p>Para finalizar, el director general de la FPMC precis\u00f3 que esta actividad se va a llevar a cabo una vez al mes y quienes est\u00e9n interesados deber\u00e1n inscribirse en las oficinas de la instituci\u00f3n, ubicadas en la 30 avenida de lunes a viernes de 08:30 a las 15:30 horas, y se verificar\u00e1 que efectivamente se trata de familias que no puedan pagar el viaje a \u201cEl Cielo\u201d.<\/p>\n<\/div>\n","protected":false},"excerpt":{"rendered":"<p>170 personas de la comunidad visitaron la zona conocida como \u201cEl Cielo\u201d Con el objetivo&#8230;<\/p>\n","protected":false},"author":1,"featured_media":18888,"comment_status":"open","ping_status":"closed","sticky":false,"template":"","format":"standard","meta":{"footnotes":""},"categories":[10],"tags":[],"class_list":["post-18886","post","type-post","status-publish","format-standard","has-post-thumbnail","hentry","category-local"],"_links":{"self":[{"href":"https:\/\/newsqr.com.mx\/index.php?rest_route=\/wp\/v2\/posts\/18886","targetHints":{"allow":["GET"]}}],"collection":[{"href":"https:\/\/newsqr.com.mx\/index.php?rest_route=\/wp\/v2\/posts"}],"about":[{"href":"https:\/\/newsqr.com.mx\/index.php?rest_route=\/wp\/v2\/types\/post"}],"author":[{"embeddable":true,"href":"https:\/\/newsqr.com.mx\/index.php?rest_route=\/wp\/v2\/users\/1"}],"replies":[{"embeddable":true,"href":"https:\/\/newsqr.com.mx\/index.php?rest_route=%2Fwp%2Fv2%2Fcomments&post=18886"}],"version-history":[{"count":0,"href":"https:\/\/newsqr.com.mx\/index.php?rest_route=\/wp\/v2\/posts\/18886\/revisions"}],"wp:featuredmedia":[{"embeddable":true,"href":"https:\/\/newsqr.com.mx\/index.php?rest_route=\/wp\/v2\/media\/18888"}],"wp:attachment":[{"href":"https:\/\/newsqr.com.mx\/index.php?rest_route=%2Fwp%2Fv2%2Fmedia&parent=18886"}],"wp:term":[{"taxonomy":"category","embeddable":true,"href":"https:\/\/newsqr.com.mx\/index.php?rest_route=%2Fwp%2Fv2%2Fcategories&post=18886"},{"taxonomy":"post_tag","embeddable":true,"href":"https:\/\/newsqr.com.mx\/index.php?rest_route=%2Fwp%2Fv2%2Ftags&post=18886"}],"curies":[{"name":"wp","href":"https:\/\/api.w.org\/{rel}","templated":true}]}}