{"id":19069,"date":"2023-09-09T21:14:16","date_gmt":"2023-09-10T02:14:16","guid":{"rendered":"https:\/\/xn--mscarasypolticascozumel-t5b42a.com\/?p=19069"},"modified":"2023-09-09T21:14:16","modified_gmt":"2023-09-10T02:14:16","slug":"la-fundacion-de-parques-y-museos-se-prepara-para-el-festival-de-aves-e-involucra-al-grupo-jovenes-por-la-conservacion","status":"publish","type":"post","link":"https:\/\/newsqr.com.mx\/?p=19069","title":{"rendered":"La Fundaci\u00f3n de Parques y Museos se Prepara para el Festival de Aves e Involucra al Grupo \u201cJ\u00f3venes por la Conservaci\u00f3n\u201d"},"content":{"rendered":"<h4 class=\"jeg_post_subtitle\" style=\"text-align: center;\">La Fundaci\u00f3n de Parques y Museos se prepara para el Festival de Aves e involucra al grupo \u201cJ\u00f3venes por la Conservaci\u00f3n\u201d<\/h4>\n<div class=\"jeg_meta_container\">\n<div class=\"jeg_post_meta jeg_post_meta_1\">\n<p>Con una pl\u00e1tica sobre la conservaci\u00f3n de la avifauna y una salida de monitoreo de aves, las y los integrantes del grupo \u201cJ\u00f3venes por la Conservaci\u00f3n\u201d, de la Fundaci\u00f3n de Parques y Museos de Cozumel (FPMC), retomaron actividades despu\u00e9s del periodo vacacional. Tambi\u00e9n recibieron uniformes y participaron en actividades de convivencia e integraci\u00f3n.<\/p>\n<p>Con el Nuevo Acuerdo por el Bienestar y Desarrollo de Quintana Roo, la gobernadora Mara Lezama Espinosa incentiva la participaci\u00f3n de las infancias y juventudes en acciones de concientizaci\u00f3n y educaci\u00f3n ambiental, debido a que fungen como agentes de cambio para tener un futuro conservado para las futuras generaciones, destac\u00f3 Jos\u00e9 Luis Chac\u00f3n M\u00e9ndez, director general de la FPMC.<\/p>\n<p>Las actividades realizadas el fin de semana incluyeron una capacitaci\u00f3n por parte de la encargada del Departamento de Cultura para la\u00a0Conservaci\u00f3n de la Comisi\u00f3n Nacional de \u00c1reas Naturales Protegidas (CONANP), Itzel Adriana Arista C\u00e1rdenas, quien les habl\u00f3 c\u00f3mo identificar las tres especies y 17 subespecies de aves end\u00e9micas de la Isla, a trav\u00e9s de sus caracter\u00edsticas f\u00edsicas y cantos, as\u00ed mismo se brind\u00f3 informaci\u00f3n sobre el estado de conservaci\u00f3n de dichas especies de avifauna.<\/p>\n<p>Posteriormente, los \u201cJ\u00f3venes por la Conservaci\u00f3n\u201d, quienes estuvieron acompa\u00f1ados por el director general de la FPMC y el director de Conservaci\u00f3n y Educaci\u00f3n Ambiental (CEA), Rafael Chac\u00f3n D\u00edaz, realizaron una salida de campo en el sendero de interpretaci\u00f3n ambiental para poner en pr\u00e1ctica los conocimientos adquiridos, lo anterior como parte de las acciones de involucramiento de la comunidad en el 15 aniversario del Festival de las Aves Isla Cozumel.<\/p>\n<p>Igualmente, Jos\u00e9 Luis Chac\u00f3n entreg\u00f3 playeras de uniforme a las ni\u00f1as y ni\u00f1os de la agrupaci\u00f3n, con el objetivo de reforzar el sentido de pertenencia e involucramiento en el cuidado, protecci\u00f3n y restauraci\u00f3n de los ecosistemas insulares. Para finalizar se les cant\u00f3 las ma\u00f1anitas a una de las integrantes, quien decidi\u00f3 compartir este d\u00eda especial con sus compa\u00f1eras y compa\u00f1eros.<\/p>\n<\/div>\n<\/div>\n","protected":false},"excerpt":{"rendered":"<p>La Fundaci\u00f3n de Parques y Museos se prepara para el Festival de Aves e involucra&#8230;<\/p>\n","protected":false},"author":1,"featured_media":19071,"comment_status":"open","ping_status":"closed","sticky":false,"template":"","format":"standard","meta":{"footnotes":""},"categories":[10],"tags":[],"class_list":["post-19069","post","type-post","status-publish","format-standard","has-post-thumbnail","hentry","category-local"],"_links":{"self":[{"href":"https:\/\/newsqr.com.mx\/index.php?rest_route=\/wp\/v2\/posts\/19069","targetHints":{"allow":["GET"]}}],"collection":[{"href":"https:\/\/newsqr.com.mx\/index.php?rest_route=\/wp\/v2\/posts"}],"about":[{"href":"https:\/\/newsqr.com.mx\/index.php?rest_route=\/wp\/v2\/types\/post"}],"author":[{"embeddable":true,"href":"https:\/\/newsqr.com.mx\/index.php?rest_route=\/wp\/v2\/users\/1"}],"replies":[{"embeddable":true,"href":"https:\/\/newsqr.com.mx\/index.php?rest_route=%2Fwp%2Fv2%2Fcomments&post=19069"}],"version-history":[{"count":0,"href":"https:\/\/newsqr.com.mx\/index.php?rest_route=\/wp\/v2\/posts\/19069\/revisions"}],"wp:featuredmedia":[{"embeddable":true,"href":"https:\/\/newsqr.com.mx\/index.php?rest_route=\/wp\/v2\/media\/19071"}],"wp:attachment":[{"href":"https:\/\/newsqr.com.mx\/index.php?rest_route=%2Fwp%2Fv2%2Fmedia&parent=19069"}],"wp:term":[{"taxonomy":"category","embeddable":true,"href":"https:\/\/newsqr.com.mx\/index.php?rest_route=%2Fwp%2Fv2%2Fcategories&post=19069"},{"taxonomy":"post_tag","embeddable":true,"href":"https:\/\/newsqr.com.mx\/index.php?rest_route=%2Fwp%2Fv2%2Ftags&post=19069"}],"curies":[{"name":"wp","href":"https:\/\/api.w.org\/{rel}","templated":true}]}}