{"id":19426,"date":"2023-09-25T15:00:25","date_gmt":"2023-09-25T20:00:25","guid":{"rendered":"https:\/\/xn--mscarasypolticascozumel-t5b42a.com\/?p=19426"},"modified":"2023-09-25T15:00:25","modified_gmt":"2023-09-25T20:00:25","slug":"gurutze-frades-conquista-el-bronce-en-el-ironman-de-cozumel","status":"publish","type":"post","link":"https:\/\/newsqr.com.mx\/?p=19426","title":{"rendered":"Gurutze Frades conquista el bronce en el Ironman de Cozumel"},"content":{"rendered":"<article class=\"v-a v-a--d v-a--d-bs v-a--p-b\">\n<div class=\"v-a-info-c \">\n<h4 class=\"v-a-sub-t\" style=\"text-align: center;\">La iurretarra afrontar\u00e1 el pr\u00f3ximo 14 de octubre el campeonato del mundo Kona (Haw\u00e1i)<\/h4>\n<\/div>\n<\/article>\n<div class=\"v-d v-d--ab-c v-d--bs at-element-marker\" data-mrf-recirculation=\"Links articulo\">\n<div class=\"v-mdl-ath\" data-voc-component=\"viewport-not-visible\" data-mrf-recirculation=\"Autor\">\n<div class=\"v-mdl-ath__c v-mdl-ath__c--1\">\n<p class=\"v-p\">Gurutze Frades (Iurreta, 1981) logr\u00f3 la medalla de bronce en el Ironman 70.3 de Cozumel (M\u00e9xico) celebrado el pasado domingo, en lo que se concibe como la antesala del Campeonato del Mundo Ironman de Kona en Haw\u00e1i que disputar\u00e1 el 14 de octubre por s\u00e9ptima vez. Con un tiempo de 4 horas, 21 minutos y 52 segundos, Frades consigui\u00f3 la tercera plaza en la competici\u00f3n azteca, en la que rein\u00f3 el a\u00f1o pasado haci\u00e9ndose con la victoria. Esta vez, se tuvo que conformar con cerrar el podio por detr\u00e1s de la neozelandesa Hannah Berry (4:08:04) y seguida por la australiana Sarah Crowley (4:10:44).<\/p>\n<p class=\"v-p\">La triatleta recorri\u00f3 1,9 kil\u00f3metros de nataci\u00f3n, 90 km en bici y 21,1 km a pie. \u00abLa competici\u00f3n se me ha puesto un poco dif\u00edcil desde la nataci\u00f3n, pero a pesar de eso, hemos tirado para adelante con todo. Esperaba poder correr m\u00e1s r\u00e1pido, estaba preparada para hacerlo m\u00e1s fuerte, pero creo, que mi empe\u00f1o en solitario en la bici me ha ido fundiendo y no he tenido el d\u00eda para acabar m\u00e1s fuerte. Hannah y Sarah -primera y segunda- han estado brillantes, y estoy contenta de compartir el podio junto a ellas\u00bb, escribi\u00f3 la iurretarra en su post de Instagram.<\/p>\n<p class=\"v-p\">En el mes de octubre, Frades disputar\u00e1 por s\u00e9ptima vez en su carrera la prueba m\u00e1s importante de su disciplina: el ironman de Hawaii. El a\u00f1o pasado fue decimoquinta al igual que en 2019, vigesimocuarta en 2018, vigesimosegunda en 2017 y trig\u00e9simo tercera en su primera participaci\u00f3n en 2016. Adem\u00e1s, el pasado a\u00f1o, Frades concluy\u00f3 novena en el mundial celebrado en St. George (Utah, Estados Unidos).<\/p>\n<p class=\"v-p\">Lo cierto es que Frades sigue en la din\u00e1mica positiva desde que lograse subir al podio en el Mundial de Larga Distancia celebrado en Ibiza en el mes de mayo. En aquella carrera, la triatleta vizca\u00edna se hizo con el bronce despu\u00e9s de cubrir 3.000 metros de nataci\u00f3n, 120 kil\u00f3metros de bici y 30 kil\u00f3metros de carrera a pie donde fue de menos a m\u00e1s para consolidarse entre las tres mejores del Mundial, con la tambi\u00e9n vizca\u00edna Helene Alberdi, campeona de Europa, en la sexta plaza.<\/p>\n<p class=\"v-p\">En el mes de julio, Frades consigui\u00f3 otro extraordinario resultado con la consecuci\u00f3n del Ironman de Vitoria. La de Iurreta mantuvo el temple, pedaleando a 46 kil\u00f3metros por hora para llegar en cuarta posici\u00f3n a la T2, a m\u00e1s de 10 minutos de la primera. En otra carrera puede ser un mundo, en el Ironman nada es lo que parece. Frades se enfund\u00f3 las zapatillas voladoras, consciente y segura de su superioridad en la carrera a pie. Ah\u00ed, las distancias fueron menguando. Desde el primer kil\u00f3metro circulando por las calles vitorianas, sinti\u00f3 el calor de los suyos, ese placer de competir en casa.<\/p>\n<\/div>\n<\/div>\n<\/div>\n","protected":false},"excerpt":{"rendered":"<p>La iurretarra afrontar\u00e1 el pr\u00f3ximo 14 de octubre el campeonato del mundo Kona (Haw\u00e1i) Gurutze&#8230;<\/p>\n","protected":false},"author":1,"featured_media":19428,"comment_status":"open","ping_status":"closed","sticky":false,"template":"","format":"standard","meta":{"footnotes":""},"categories":[10],"tags":[],"class_list":["post-19426","post","type-post","status-publish","format-standard","has-post-thumbnail","hentry","category-local"],"_links":{"self":[{"href":"https:\/\/newsqr.com.mx\/index.php?rest_route=\/wp\/v2\/posts\/19426","targetHints":{"allow":["GET"]}}],"collection":[{"href":"https:\/\/newsqr.com.mx\/index.php?rest_route=\/wp\/v2\/posts"}],"about":[{"href":"https:\/\/newsqr.com.mx\/index.php?rest_route=\/wp\/v2\/types\/post"}],"author":[{"embeddable":true,"href":"https:\/\/newsqr.com.mx\/index.php?rest_route=\/wp\/v2\/users\/1"}],"replies":[{"embeddable":true,"href":"https:\/\/newsqr.com.mx\/index.php?rest_route=%2Fwp%2Fv2%2Fcomments&post=19426"}],"version-history":[{"count":0,"href":"https:\/\/newsqr.com.mx\/index.php?rest_route=\/wp\/v2\/posts\/19426\/revisions"}],"wp:featuredmedia":[{"embeddable":true,"href":"https:\/\/newsqr.com.mx\/index.php?rest_route=\/wp\/v2\/media\/19428"}],"wp:attachment":[{"href":"https:\/\/newsqr.com.mx\/index.php?rest_route=%2Fwp%2Fv2%2Fmedia&parent=19426"}],"wp:term":[{"taxonomy":"category","embeddable":true,"href":"https:\/\/newsqr.com.mx\/index.php?rest_route=%2Fwp%2Fv2%2Fcategories&post=19426"},{"taxonomy":"post_tag","embeddable":true,"href":"https:\/\/newsqr.com.mx\/index.php?rest_route=%2Fwp%2Fv2%2Ftags&post=19426"}],"curies":[{"name":"wp","href":"https:\/\/api.w.org\/{rel}","templated":true}]}}