{"id":19450,"date":"2023-09-26T17:49:03","date_gmt":"2023-09-26T22:49:03","guid":{"rendered":"https:\/\/xn--mscarasypolticascozumel-t5b42a.com\/?p=19450"},"modified":"2023-09-26T17:49:03","modified_gmt":"2023-09-26T22:49:03","slug":"miradores-de-cozumel-en-ruinas-en-menos-de-un-ano-de-inauguracion","status":"publish","type":"post","link":"https:\/\/newsqr.com.mx\/?p=19450","title":{"rendered":"Miradores de Cozumel, en ruinas en menos de un a\u00f1o de inauguraci\u00f3n"},"content":{"rendered":"<div>\n<div class=\"row m-b-15\">\n<div class=\"col-xs-12 col-sm-12 col-md-12 col-lg-12\">\n<h3 class=\"introduction\" style=\"text-align: center;\">Deportistas y prestadores de servicios tur\u00edsticos denunciaron que estos sitios, en los que se invirtieron cerca de un mill\u00f3n de pesos, est\u00e1n en p\u00e9simas condiciones.<\/h3>\n<\/div>\n<\/div>\n<\/div>\n<div class=\"row m-b-25\">\n<div class=\"col-xs-12 col-sm-12 col-md-12 col-lg-12 info-extra-new\">\n<p>A menos de un a\u00f1o de que se llevara a cabo la supuesta<strong>\u00a0rehabilitaci\u00f3n de los miradores\u00a0<\/strong>en la zona oriental de\u00a0<strong>Cozumel<\/strong>, en los que la comuna invirti\u00f3 cerca de un mill\u00f3n de pesos, estos ya est\u00e1n pr\u00e1cticamente en ruinas.<\/p>\n<p>Deportistas y prestadores de servicios tur\u00edsticos que recorren la zona diariamente, denunciaron a Novedades Quintana Roo que estos sitios est\u00e1n en p\u00e9simas condiciones.<\/p>\n<p>Jos\u00e9 Antonio Aguirre, trabajador tur\u00edstico, lament\u00f3 que mientras la\u00a0<strong>alcaldesa asiste a un tianguis internacional de Pueblos M\u00e1gicos<\/strong>\u00a0en Los \u00c1ngeles, California, los visitantes tengan que encontrarse con una imagen tur\u00edstica deplorable y alejado de todo lo que se presume en esos eventos.<\/p>\n<p>Por su parte,\u00a0<strong>Miguel Manrique Garc\u00eda<\/strong>, ciclista cozumele\u00f1o, exigi\u00f3 a las autoridades municipales devolver a las zonas de playas su antiguo esplendor y dar mantenimiento a los miradores.<\/p>\n<p><cite><em>\u201cNo solo se trata de construirlos, es necesario darles mantenimiento\u201d<\/em><\/cite>.<\/p>\n<p>Durante un recorrido por la zona donde se localizan los tres miradores construidos con madera de la regi\u00f3n, permiti\u00f3 constatar las denuncias sobre el mal estado en que se encuentran. Tablones flojos y sin recubrimiento, tornillos y clavos oxidados, barandales rotos y un intenso olor a basura org\u00e1nica descompuesta, es el panorama que se ofrece al turismo nacional y extranjero.<\/p>\n<p>En el recorrido se tomaron im\u00e1genes que confirmaron las\u00a0<strong>denuncias sobre la falta de mantenimiento de esta infraestructura tur\u00edstica<\/strong>.<\/p>\n<p>El a\u00f1o pasado, tras ser reinauguradas, se dio a conocer en este me dio de comunicaci\u00f3n que<strong>\u00a0la madera solo fue cepillada<\/strong>,<strong>\u00a0barnizada\u00a0<\/strong>y vuelta a colocar, en su mayor parte, sin que se reemplazara.<\/p>\n<p>El 17 de noviembre de 2022, la Direcci\u00f3n de Comunicaci\u00f3n Social del Ayuntamiento 2021-2024 emiti\u00f3 un bolet\u00edn en el que se presum\u00eda que la alcaldesa,\u00a0<strong>Juanita Obdulia Alonso<\/strong>, reinauguraba los tres miradores que fueron afectados por los<strong>\u00a0tres huracanes y por los menos tres tormentas tropicales que los dejaron inservibles desde 2021<\/strong>.<\/p>\n<p><cite><em>\u201cEstas obras son importantes para Cozumel, debido a que es paso obligado para los turistas tanto extranjeros como nacionales y habitantes de este municipio, quienes normalmente se dan cita en la parte oriental los fines de semana para admirar las bellezas naturales de la isla y los colores hermosos del mar Caribe, as\u00ed como para tambi\u00e9n tomarse la foto del recuerdo\u201d<\/em><\/cite>, dijo ese d\u00eda la alcaldesa.<\/p>\n<section id=\"limit-stiky-651314b6d1a1a5001309726c\" class=\"row\">\n<div class=\"col-xs-112 col-sm-10 col-md-10 col-lg-10\">\n<div class=\"row content-news-data-651314b6d1a1a5001309726c\">\n<div class=\"col-xs-12 col-sm-12 col-md-12 col-lg-12 cuerpo-nota\">\n<p>El director de Obras P\u00fablicas,\u00a0<strong>Carlos Daniel Pomol G\u00f3mez<\/strong>, detall\u00f3 que a la rehabilitaci\u00f3n de esos tres espacios tur\u00edsticos se les asign\u00f3 un presupuesto de 998 mil 630 pesos, dinero proveniente de los fondos captados por el uso y goce de la Zona Federal Mar\u00edtimo-Terrestre (<strong>Zofemat<\/strong>).<\/p>\n<\/div>\n<\/div>\n<\/div>\n<\/section>\n<section class=\"row\">\n<div class=\"col-xs-4 col-sm-14 col-md-4 col-lg-4\">\n<div class=\"btn-seguinos-gnews\"><\/div>\n<\/div>\n<\/section>\n<div class=\"media-caption\"><\/div>\n<\/div>\n<\/div>\n","protected":false},"excerpt":{"rendered":"<p>Deportistas y prestadores de servicios tur\u00edsticos denunciaron que estos sitios, en los que se invirtieron&#8230;<\/p>\n","protected":false},"author":1,"featured_media":19452,"comment_status":"open","ping_status":"closed","sticky":false,"template":"","format":"standard","meta":{"footnotes":""},"categories":[10],"tags":[],"class_list":["post-19450","post","type-post","status-publish","format-standard","has-post-thumbnail","hentry","category-local"],"_links":{"self":[{"href":"https:\/\/newsqr.com.mx\/index.php?rest_route=\/wp\/v2\/posts\/19450","targetHints":{"allow":["GET"]}}],"collection":[{"href":"https:\/\/newsqr.com.mx\/index.php?rest_route=\/wp\/v2\/posts"}],"about":[{"href":"https:\/\/newsqr.com.mx\/index.php?rest_route=\/wp\/v2\/types\/post"}],"author":[{"embeddable":true,"href":"https:\/\/newsqr.com.mx\/index.php?rest_route=\/wp\/v2\/users\/1"}],"replies":[{"embeddable":true,"href":"https:\/\/newsqr.com.mx\/index.php?rest_route=%2Fwp%2Fv2%2Fcomments&post=19450"}],"version-history":[{"count":0,"href":"https:\/\/newsqr.com.mx\/index.php?rest_route=\/wp\/v2\/posts\/19450\/revisions"}],"wp:featuredmedia":[{"embeddable":true,"href":"https:\/\/newsqr.com.mx\/index.php?rest_route=\/wp\/v2\/media\/19452"}],"wp:attachment":[{"href":"https:\/\/newsqr.com.mx\/index.php?rest_route=%2Fwp%2Fv2%2Fmedia&parent=19450"}],"wp:term":[{"taxonomy":"category","embeddable":true,"href":"https:\/\/newsqr.com.mx\/index.php?rest_route=%2Fwp%2Fv2%2Fcategories&post=19450"},{"taxonomy":"post_tag","embeddable":true,"href":"https:\/\/newsqr.com.mx\/index.php?rest_route=%2Fwp%2Fv2%2Ftags&post=19450"}],"curies":[{"name":"wp","href":"https:\/\/api.w.org\/{rel}","templated":true}]}}