{"id":19542,"date":"2023-09-29T18:43:59","date_gmt":"2023-09-29T23:43:59","guid":{"rendered":"https:\/\/xn--mscarasypolticascozumel-t5b42a.com\/?p=19542"},"modified":"2023-09-29T18:43:59","modified_gmt":"2023-09-29T23:43:59","slug":"organizan-primera-campana-de-salud-en-clinica-naval-de-cozumel","status":"publish","type":"post","link":"https:\/\/newsqr.com.mx\/?p=19542","title":{"rendered":"Organizan primera campa\u00f1a de salud en cl\u00ednica naval de Cozumel"},"content":{"rendered":"<div>\n<div class=\"row m-b-15\">\n<div class=\"col-xs-12 col-sm-12 col-md-12 col-lg-12\">\n<h3 class=\"introduction\" style=\"text-align: center;\">La campa\u00f1a se realizar\u00e1 del 2 al 6 de octubre y es organizada por SEMAR, FPMC y SESA.<\/h3>\n<\/div>\n<\/div>\n<\/div>\n<div class=\"row m-b-25\">\n<div class=\"col-xs-12 col-sm-12 col-md-12 col-lg-12 info-extra-new\">\n<p>Los habitantes de la\u00a0<strong>Isla Cozumel<\/strong>\u00a0tendr\u00e1n acceso a la primera jornada de salud con estudios medios gratuitos, previa cita, con sede las instalaciones de la\u00a0<strong>Secretar\u00eda de Marina<\/strong>\u00a0(SEMAR), incluidos estudios para detectar\u00a0<strong>c\u00e1ncer de mama<\/strong>\u00a0y\u00a0<strong>cervicouterino.<\/strong><\/p>\n<p>La campa\u00f1a se realizar\u00e1 del\u00a0<strong>2 al 6 de octubre<\/strong>, la cual se organiza en colaboraci\u00f3n de la SEMAR, FPMC, SESA y Subdirecci\u00f3n de Salud Municipal, explic\u00f3 el director de la cl\u00ednica naval, el capit\u00e1n de corbeta\u00a0<strong>Servicio de Sanidad Naval y Especialista en Medicina Familiar, Miguel \u00c1ngel Beltr\u00e1n Hern\u00e1ndez.<\/strong><\/p>\n<p>Jos\u00e9 Luis Chac\u00f3n M\u00e9ndez, director de la Fundaci\u00f3n de Parques y Museos de Cozumel (FPMC), destac\u00f3 la jornada denominada \u201cPor Tu Salud\u201d, se van aplicar\u00a0<strong>vacunas<\/strong>\u00a0prevenir el Viru<strong>s de Papiloma Humano, T\u00e9tano, Influenza, Papanicolau y Mastograf\u00edas de manera gratuita;<\/strong>\u00a0labor en la que destac\u00f3 la iniciativa de Nadia X\u00f3chitl Siqueiros Loera, representante de las Damas Promotoras de la Marina.<\/p>\n<p>El funcionario recalc\u00f3 que la salud es un tema importante para la poblaci\u00f3n y la colaboraci\u00f3n entre las instancias involucradas tiene el objetivo de llegar al mayor n\u00famero de personas.<\/p>\n<div class=\"media-caption\">\n<p>Las citas para los interesados,\u00a0<strong>ni\u00f1os, j\u00f3venes y adultos<\/strong>, se pueden hacer marcando al n\u00famero telef\u00f3nico 987 8572615, directamente a la\u00a0<strong>Cl\u00ednica Naval de Cozumel en la 65<\/strong>\u00a0avenida en la colonia\u00a0<strong>Fovissste<\/strong>.<\/p>\n<p>Por su parte el capit\u00e1n de corveta y director de la cl\u00ednica explic\u00f3 que los d\u00edas de las jornadas m\u00e9dica, quienes atiendan a la ciudadan\u00eda ser\u00e1 personal de la SEMAR y de los Servicios Estatales de Salud (SESA).<\/p>\n<p>En cuanto a las vacunas se estima inocular entre\u00a0<strong>80 y 100 personas<\/strong>, pero la atenci\u00f3n en general en las jornadas ser\u00e1n el resultado del n\u00famero de citas.<\/p>\n<p>Por lo que respecta a la detecci\u00f3n de c\u00e1ncer, tanto en hombres como en mujeres, el medico naval enfatiz\u00f3 que existe un\u00a0<strong>80% de posibilidades<\/strong>\u00a0de superar esa enfermedad si se detecta a tiempo.<\/p>\n<p>En caso que alguno de los pacientes de positivo en este padecimiento, ser\u00e1n canalizados a las instancias de salud correspondiente para su tratamiento.<\/p>\n<p>De acuerdo con datos proporcionados por personal de la\u00a0<strong>cl\u00ednica de SESA<\/strong>, en Cozumel no existe estad\u00edsticas sobre el c\u00e1ncer debido a que, quienes lo padecen, deben buscar tratamiento fuera de la isla.<\/p>\n<section id=\"limit-stiky-651621f5d1a1a50013097405\" class=\"row\">\n<div class=\"col-xs-112 col-sm-10 col-md-10 col-lg-10\">\n<div class=\"row content-news-data-651621f5d1a1a50013097405\">\n<div class=\"col-xs-12 col-sm-12 col-md-12 col-lg-12 cuerpo-nota\">\n<p>\u00a0\u201cEn la isla no contamos ni con especialistas, ni infraestructura para atender quienes se les detecta esta enfermedad. El de mama y el cervicouterino encabeza a nivel nacional las estad\u00edsticas de carcinomas\u201d, rebel\u00f3 el medico informante, quien pidi\u00f3 no ser citado por no tener autorizaci\u00f3n para hablar del tema.<\/p>\n<\/div>\n<\/div>\n<\/div>\n<\/section>\n<section class=\"row\">\n<div class=\"col-xs-4 col-sm-14 col-md-4 col-lg-4\">\n<div class=\"btn-seguinos-gnews\"><\/div>\n<\/div>\n<\/section>\n<\/div>\n<\/div>\n<\/div>\n","protected":false},"excerpt":{"rendered":"<p>La campa\u00f1a se realizar\u00e1 del 2 al 6 de octubre y es organizada por SEMAR,&#8230;<\/p>\n","protected":false},"author":1,"featured_media":19544,"comment_status":"open","ping_status":"closed","sticky":false,"template":"","format":"standard","meta":{"footnotes":""},"categories":[10],"tags":[],"class_list":["post-19542","post","type-post","status-publish","format-standard","has-post-thumbnail","hentry","category-local"],"_links":{"self":[{"href":"https:\/\/newsqr.com.mx\/index.php?rest_route=\/wp\/v2\/posts\/19542","targetHints":{"allow":["GET"]}}],"collection":[{"href":"https:\/\/newsqr.com.mx\/index.php?rest_route=\/wp\/v2\/posts"}],"about":[{"href":"https:\/\/newsqr.com.mx\/index.php?rest_route=\/wp\/v2\/types\/post"}],"author":[{"embeddable":true,"href":"https:\/\/newsqr.com.mx\/index.php?rest_route=\/wp\/v2\/users\/1"}],"replies":[{"embeddable":true,"href":"https:\/\/newsqr.com.mx\/index.php?rest_route=%2Fwp%2Fv2%2Fcomments&post=19542"}],"version-history":[{"count":0,"href":"https:\/\/newsqr.com.mx\/index.php?rest_route=\/wp\/v2\/posts\/19542\/revisions"}],"wp:featuredmedia":[{"embeddable":true,"href":"https:\/\/newsqr.com.mx\/index.php?rest_route=\/wp\/v2\/media\/19544"}],"wp:attachment":[{"href":"https:\/\/newsqr.com.mx\/index.php?rest_route=%2Fwp%2Fv2%2Fmedia&parent=19542"}],"wp:term":[{"taxonomy":"category","embeddable":true,"href":"https:\/\/newsqr.com.mx\/index.php?rest_route=%2Fwp%2Fv2%2Fcategories&post=19542"},{"taxonomy":"post_tag","embeddable":true,"href":"https:\/\/newsqr.com.mx\/index.php?rest_route=%2Fwp%2Fv2%2Ftags&post=19542"}],"curies":[{"name":"wp","href":"https:\/\/api.w.org\/{rel}","templated":true}]}}