{"id":19545,"date":"2023-09-29T18:45:18","date_gmt":"2023-09-29T23:45:18","guid":{"rendered":"https:\/\/xn--mscarasypolticascozumel-t5b42a.com\/?p=19545"},"modified":"2023-09-29T18:45:18","modified_gmt":"2023-09-29T23:45:18","slug":"juanita-alonso-promociona-150-anos-del-carnaval-de-cozumel","status":"publish","type":"post","link":"https:\/\/newsqr.com.mx\/?p=19545","title":{"rendered":"Juanita Alonso promociona 150 a\u00f1os del carnaval de Cozumel"},"content":{"rendered":"<div class=\"ql-align-justify\">Particip\u00f3 la presidenta municipal, Juanita Alonso Marrufo en una mesa de trabajo \u201cSala Caribe\u201d realizada el jueves por la tarde en el III Encuentro Internacional de Carnavales del Caribe, donde expuso que esta a\u00f1eja tradici\u00f3n est\u00e1 por cumplir 150 a\u00f1os y que en la actualidad est\u00e1 vinculada la parte tur\u00edstica con la cultural.<\/div>\n<div class=\"ql-align-justify\"><\/div>\n<div class=\"ql-align-justify\">\u201cMe siento muy identificada con las expresiones culturales y con esta fiesta que nos une; tenemos muchas coincidencias pero tambi\u00e9n tenemos nuestras peculiaridades, la isla de Cozumel se encuentra en el estado de Quintana Roo, y el Carnaval es una de las fiestas m\u00e1s antiguas de M\u00e9xico puesto que en este 2024 estamos rumbo a celebrar los 150 a\u00f1os\u201d se\u00f1al\u00f3 la presidenta municipal al inicio de su intervenci\u00f3n.<\/div>\n<div class=\"ql-align-justify\"><\/div>\n<div class=\"ql-align-justify\">Expuso que esta festividad los cozumele\u00f1os la esperan a\u00f1o con a\u00f1o, y que ha ido evolucionando con el paso del tiempo, toda vez que existe la influencia de diferentes pa\u00edses del Caribe como la Guaranducha que es una representaci\u00f3n que viene de Cuba y tambi\u00e9n Las Cintas que es una representaci\u00f3n m\u00e1s tradicional que viene del estado de Yucat\u00e1n.<\/div>\n<div class=\"ql-align-justify\"><\/div>\n<div class=\"ql-align-justify\">Detall\u00f3 la participaci\u00f3n de los cozumele\u00f1os que se organizan para participar en las comparsas, concursos de disfraces, los paseos a lo largo del malec\u00f3n, as\u00ed como la log\u00edstica de la elecci\u00f3n de los reyes del carnaval que es a trav\u00e9s del voto secreto de los carnavaleros y con la participaci\u00f3n de un notario p\u00fablico para dar fe y legalidad del conteo de los sufragios.<\/div>\n<div class=\"ql-align-justify\"><\/div>\n<div class=\"ql-align-justify\">Dijo que esta tradici\u00f3n tan arraigada para los cozumele\u00f1os, y que se ha conservado a lo largo de los a\u00f1os, est\u00e1 vinculada la parte tur\u00edstica con lo cultural, lo que se complementa con el desarrollo econ\u00f3mico del municipio que redunda de beneficio para los habitantes al incrementarse la ocupaci\u00f3n hotelera en esta \u00e9poca del a\u00f1o.<\/div>\n<div class=\"ql-align-justify\"><\/div>\n<div class=\"ql-align-justify\">En este sentido explic\u00f3 de manera detallada el crecimiento del producto tur\u00edstico, toda vez que Cozumel es un municipio pionero de este rubro en el estado, debido a que cuenta con la segunda barrera arrecifal m\u00e1s grande del mundo y a los reportajes\u00a0de buceo de Jacques-Yves Cousteau en los a\u00f1os 60.<\/div>\n<div class=\"ql-align-justify\"><\/div>\n<div class=\"ql-align-justify\">De igual manera abund\u00f3 sobre el arribo de los cruceros\u00a0y del trabajo que se realiza para captar mayor arribo de turistas de pernocta, debido al trabajo de promoci\u00f3n y ser una fecha estipulada.<\/div>\n<div class=\"ql-align-justify\"><\/div>\n<div class=\"ql-align-justify\">Para concluir su participaci\u00f3n junto a Mar\u00eda Teresa Fern\u00e1ndez, secretaria de Cultura de Barranquilla y Lucila Mattos Curtis, corporativa de Asuntos Culturales de la alcald\u00eda de Santo Domingo, teniendo como moderadora a Sandra G\u00f3mez Molina gerente de Carnaval de Barranquilla, en este conversatorio, la presidenta municipal, Juanita Alonso invit\u00f3 a la asistencia a visitar Cozumel del 7 al 14 de febrero de 2024 y participar en el 150 aniversario de esta tradicional fiesta.<\/div>\n","protected":false},"excerpt":{"rendered":"<p>Particip\u00f3 la presidenta municipal, Juanita Alonso Marrufo en una mesa de trabajo \u201cSala Caribe\u201d realizada&#8230;<\/p>\n","protected":false},"author":1,"featured_media":19547,"comment_status":"open","ping_status":"closed","sticky":false,"template":"","format":"standard","meta":{"footnotes":""},"categories":[10],"tags":[],"class_list":["post-19545","post","type-post","status-publish","format-standard","has-post-thumbnail","hentry","category-local"],"_links":{"self":[{"href":"https:\/\/newsqr.com.mx\/index.php?rest_route=\/wp\/v2\/posts\/19545","targetHints":{"allow":["GET"]}}],"collection":[{"href":"https:\/\/newsqr.com.mx\/index.php?rest_route=\/wp\/v2\/posts"}],"about":[{"href":"https:\/\/newsqr.com.mx\/index.php?rest_route=\/wp\/v2\/types\/post"}],"author":[{"embeddable":true,"href":"https:\/\/newsqr.com.mx\/index.php?rest_route=\/wp\/v2\/users\/1"}],"replies":[{"embeddable":true,"href":"https:\/\/newsqr.com.mx\/index.php?rest_route=%2Fwp%2Fv2%2Fcomments&post=19545"}],"version-history":[{"count":0,"href":"https:\/\/newsqr.com.mx\/index.php?rest_route=\/wp\/v2\/posts\/19545\/revisions"}],"wp:featuredmedia":[{"embeddable":true,"href":"https:\/\/newsqr.com.mx\/index.php?rest_route=\/wp\/v2\/media\/19547"}],"wp:attachment":[{"href":"https:\/\/newsqr.com.mx\/index.php?rest_route=%2Fwp%2Fv2%2Fmedia&parent=19545"}],"wp:term":[{"taxonomy":"category","embeddable":true,"href":"https:\/\/newsqr.com.mx\/index.php?rest_route=%2Fwp%2Fv2%2Fcategories&post=19545"},{"taxonomy":"post_tag","embeddable":true,"href":"https:\/\/newsqr.com.mx\/index.php?rest_route=%2Fwp%2Fv2%2Ftags&post=19545"}],"curies":[{"name":"wp","href":"https:\/\/api.w.org\/{rel}","templated":true}]}}