{"id":20426,"date":"2023-11-22T14:01:55","date_gmt":"2023-11-22T19:01:55","guid":{"rendered":"https:\/\/xn--mscarasypolticascozumel-t5b42a.com\/?p=20426"},"modified":"2023-11-22T14:01:55","modified_gmt":"2023-11-22T19:01:55","slug":"genera-polemica-en-redes-sociales-operacion-de-camion-anfibio-en-cozumel","status":"publish","type":"post","link":"https:\/\/newsqr.com.mx\/?p=20426","title":{"rendered":"Genera pol\u00e9mica en redes sociales operaci\u00f3n de cami\u00f3n anfibio en Cozumel"},"content":{"rendered":"<p>Pol\u00e9mica es lo que ha generado la operaci\u00f3n de un cami\u00f3n anfibio, aparentemente utilizado para tours tur\u00edsticos, que realiza pruebas en la rampa ubicada frente a la sede de la Secretar\u00eda de la Defensa Nacional (Sedena), en esta isla.<\/p>\n<div dir=\"auto\">A trav\u00e9s de redes sociales, distintos videos han circulado en los cuales muestran a este cami\u00f3n transitando por distintas avenidas c\u00e9ntricas de Cozumel, para luego introducirse en el mar, con pasajeros a bordo.<\/div>\n<div dir=\"auto\">\n<div class=\"wp-video\">\n<div dir=\"auto\">Dichas publicaciones han generado comentarios positivos, pero sobre todo negativos en las redes sociales, pues algunos internautas cuestionan si la operaci\u00f3n de este cami\u00f3n representa un riesgo de contaminaci\u00f3n del mar, debido al combustible que usa.<\/div>\n<div dir=\"auto\"><\/div>\n<div dir=\"auto\">Versiones extraoficiales refieren que dicho cami\u00f3n, hasta el momento, s\u00f3lo est\u00e1 realizando pruebas en el mar.<\/div>\n<div dir=\"auto\"><\/div>\n<div dir=\"auto\">Sin embargo, se desconoce, hasta el momento, si el cami\u00f3n pertenece a una empresa nueva o existente, y si cuenta con los permisos para operar por tierra y mar.<\/div>\n<div dir=\"auto\"><\/div>\n<div dir=\"auto\">Internautas acusan que estos camiones no est\u00e1n hechos para mar abierto, como el de Cozumel, donde constantemente cambian las corrientes marinas.<\/div>\n<div dir=\"auto\"><\/div>\n<div dir=\"auto\">Ninguna autoridad de Capitan\u00eda de Puerto y del Instituto de Movilidad del Estado de Quintana Roo (Imoveqroo) ha confirmado, hasta el momento, si ha dado los permisos correspondientes, para la moderaci\u00f3n de este veh\u00edculo.<\/div>\n<\/div>\n<\/div>\n","protected":false},"excerpt":{"rendered":"<p>Pol\u00e9mica es lo que ha generado la operaci\u00f3n de un cami\u00f3n anfibio, aparentemente utilizado para&#8230;<\/p>\n","protected":false},"author":1,"featured_media":20428,"comment_status":"open","ping_status":"closed","sticky":false,"template":"","format":"standard","meta":{"footnotes":""},"categories":[10],"tags":[],"class_list":["post-20426","post","type-post","status-publish","format-standard","has-post-thumbnail","hentry","category-local"],"_links":{"self":[{"href":"https:\/\/newsqr.com.mx\/index.php?rest_route=\/wp\/v2\/posts\/20426","targetHints":{"allow":["GET"]}}],"collection":[{"href":"https:\/\/newsqr.com.mx\/index.php?rest_route=\/wp\/v2\/posts"}],"about":[{"href":"https:\/\/newsqr.com.mx\/index.php?rest_route=\/wp\/v2\/types\/post"}],"author":[{"embeddable":true,"href":"https:\/\/newsqr.com.mx\/index.php?rest_route=\/wp\/v2\/users\/1"}],"replies":[{"embeddable":true,"href":"https:\/\/newsqr.com.mx\/index.php?rest_route=%2Fwp%2Fv2%2Fcomments&post=20426"}],"version-history":[{"count":0,"href":"https:\/\/newsqr.com.mx\/index.php?rest_route=\/wp\/v2\/posts\/20426\/revisions"}],"wp:featuredmedia":[{"embeddable":true,"href":"https:\/\/newsqr.com.mx\/index.php?rest_route=\/wp\/v2\/media\/20428"}],"wp:attachment":[{"href":"https:\/\/newsqr.com.mx\/index.php?rest_route=%2Fwp%2Fv2%2Fmedia&parent=20426"}],"wp:term":[{"taxonomy":"category","embeddable":true,"href":"https:\/\/newsqr.com.mx\/index.php?rest_route=%2Fwp%2Fv2%2Fcategories&post=20426"},{"taxonomy":"post_tag","embeddable":true,"href":"https:\/\/newsqr.com.mx\/index.php?rest_route=%2Fwp%2Fv2%2Ftags&post=20426"}],"curies":[{"name":"wp","href":"https:\/\/api.w.org\/{rel}","templated":true}]}}