{"id":20432,"date":"2023-11-24T14:27:06","date_gmt":"2023-11-24T19:27:06","guid":{"rendered":"https:\/\/xn--mscarasypolticascozumel-t5b42a.com\/?p=20432"},"modified":"2023-11-24T14:27:06","modified_gmt":"2023-11-24T19:27:06","slug":"destaca-gobernadora-construccion-del-centro-de-emergencias-para-atencion-de-la-ciudadania-en-el-sur-de-la-isla-de-cozumel","status":"publish","type":"post","link":"https:\/\/newsqr.com.mx\/?p=20432","title":{"rendered":"Destaca Gobernadora construcci\u00f3n del Centro de Emergencias para atenci\u00f3n de la ciudadan\u00eda en el sur de la isla de Cozumel"},"content":{"rendered":"<p>La gobernadora Mara Lezama Espinosa destac\u00f3 que despu\u00e9s de muchos a\u00f1os de espera finalmente en Cozumel se cuenta con una Unidad de Emergencias que permite la atenci\u00f3n oportuna de la ciudadan\u00eda previo a ser canalizada a un servicio hospitalario gracias a la inversi\u00f3n que realiz\u00f3 el gobierno municipal que dirige Juanita Alonso Marrufo.<\/p>\n<p>En un recorrido por este espacio que se encuentra ubicado al sur del municipio, la Gobernadora dio a conocer que este es un logro municipal en favor de quienes m\u00e1s lo necesitan, aplicando recursos del pueblo en esta obra que es una realidad.<\/p>\n<p>\u201cEn este gobierno se cuidan los recursos p\u00fablicos por eso ahora alcanza para m\u00e1s y la administraci\u00f3n de Juanita Alonso sald\u00f3 una cuenta pendiente de anteriores administraciones e invirti\u00f3 aqu\u00ed en donde m\u00e1s se necesita\u201d, dijo.<\/p>\n<p>Explic\u00f3 que la unidad de emergencia permitir\u00e1 darles a las personas los primeros auxilios y atenci\u00f3n m\u00e9dica inmediata; es un punto medio para poder estabilizar a quien lo requiera y despu\u00e9s sea trasladada a alg\u00fan hospital.<\/p>\n<p>La presidenta municipal, Juanita Alonso inform\u00f3 que junto a esta unidad de emergencia se encuentra un tortugario para la conservaci\u00f3n de la especie y disfrute de ni\u00f1os, ni\u00f1as, visitantes y turistas.<\/p>\n<p>La gobernadora Mara Lezama puntualiz\u00f3 que de esto se trata el Nuevo Acuerdo por el Bienestar y Desarrollo de Quintana Roo, de sumar esfuerzos, de trabajar todos juntos para cumplir compromisos, atender a las personas con justicia social, sin que nadie se quede fuera y sin que nadie se quede atr\u00e1s.<\/p>\n","protected":false},"excerpt":{"rendered":"<p>La gobernadora Mara Lezama Espinosa destac\u00f3 que despu\u00e9s de muchos a\u00f1os de espera finalmente en&#8230;<\/p>\n","protected":false},"author":1,"featured_media":20434,"comment_status":"open","ping_status":"closed","sticky":false,"template":"","format":"standard","meta":{"footnotes":""},"categories":[10],"tags":[],"class_list":["post-20432","post","type-post","status-publish","format-standard","has-post-thumbnail","hentry","category-local"],"_links":{"self":[{"href":"https:\/\/newsqr.com.mx\/index.php?rest_route=\/wp\/v2\/posts\/20432","targetHints":{"allow":["GET"]}}],"collection":[{"href":"https:\/\/newsqr.com.mx\/index.php?rest_route=\/wp\/v2\/posts"}],"about":[{"href":"https:\/\/newsqr.com.mx\/index.php?rest_route=\/wp\/v2\/types\/post"}],"author":[{"embeddable":true,"href":"https:\/\/newsqr.com.mx\/index.php?rest_route=\/wp\/v2\/users\/1"}],"replies":[{"embeddable":true,"href":"https:\/\/newsqr.com.mx\/index.php?rest_route=%2Fwp%2Fv2%2Fcomments&post=20432"}],"version-history":[{"count":0,"href":"https:\/\/newsqr.com.mx\/index.php?rest_route=\/wp\/v2\/posts\/20432\/revisions"}],"wp:featuredmedia":[{"embeddable":true,"href":"https:\/\/newsqr.com.mx\/index.php?rest_route=\/wp\/v2\/media\/20434"}],"wp:attachment":[{"href":"https:\/\/newsqr.com.mx\/index.php?rest_route=%2Fwp%2Fv2%2Fmedia&parent=20432"}],"wp:term":[{"taxonomy":"category","embeddable":true,"href":"https:\/\/newsqr.com.mx\/index.php?rest_route=%2Fwp%2Fv2%2Fcategories&post=20432"},{"taxonomy":"post_tag","embeddable":true,"href":"https:\/\/newsqr.com.mx\/index.php?rest_route=%2Fwp%2Fv2%2Ftags&post=20432"}],"curies":[{"name":"wp","href":"https:\/\/api.w.org\/{rel}","templated":true}]}}