{"id":20483,"date":"2023-11-30T18:00:06","date_gmt":"2023-11-30T23:00:06","guid":{"rendered":"https:\/\/xn--mscarasypolticascozumel-t5b42a.com\/?p=20483"},"modified":"2023-11-30T18:00:06","modified_gmt":"2023-11-30T23:00:06","slug":"destaca-marybel-villegas-consenso-para-ratificar-acuerdo-global-modernizado-mexico-ue","status":"publish","type":"post","link":"https:\/\/newsqr.com.mx\/?p=20483","title":{"rendered":"Destaca Marybel Villegas consenso para ratificar Acuerdo Global Modernizado M\u00e9xico-UE"},"content":{"rendered":"<ul>\n<li>Impulsar\u00e1 una relaci\u00f3n m\u00e1s productiva entre nuestra naci\u00f3n y 27 pa\u00edses europeos, afirma la senadora<\/li>\n<\/ul>\n<p>La senadora Marybel Villegas Canch\u00e9 inform\u00f3 que hay consenso entre las delegaciones parlamentarias mexicanas y europeas para la ratificaci\u00f3n del Acuerdo Global Modernizado M\u00e9xico-Uni\u00f3n Europea.<\/p>\n<p>En conferencia de prensa, consider\u00f3 que \u201cestamos por dar un paso muy importante en la historia de la relaci\u00f3n bilateral, la firma del Acuerdo Global, porque contribuir\u00e1 al buen desarrollo de nuestras relaciones pol\u00edticas y comerciales\u201d.<\/p>\n<p>La presidenta de la Delegaci\u00f3n Mexicana de la Comisi\u00f3n Parlamentaria Mixta M\u00e9xico-Uni\u00f3n Europea, agreg\u00f3 que la ratificaci\u00f3n impulsar\u00e1 a una relaci\u00f3n m\u00e1s productiva entre M\u00e9xico y los 27 pa\u00edses que integran esa comunidad.<\/p>\n<p>Adem\u00e1s, enviar\u00e1 un mensaje a los estados democr\u00e1ticos sobre la necesidad de avanzar en la cooperaci\u00f3n, los valores de paz y confianza.<\/p>\n<p>El Congreso de la Uni\u00f3n, afirma, valora de manera positiva el esfuerzo de esta delegaci\u00f3n de eurodiputados de todas las fuerzas pol\u00edticas, que participan en la XXX Reuni\u00f3n de la Comisi\u00f3n Parlamentaria Mixta M\u00e9xico-Uni\u00f3n Europea.<\/p>\n<p>Con ello, dijo, se env\u00eda una clara se\u00f1al del inter\u00e9s que tienen el Parlamento Europeo para reforzar los v\u00ednculos de di\u00e1logo y colaboraci\u00f3n con nuestro pa\u00eds.<\/p>\n<p>Villegas Canch\u00e9 destac\u00f3 que la Uni\u00f3n Europea es nuestro tercer socio comercial, por lo que nuestro pa\u00eds est\u00e1 empe\u00f1ado en avanzar hacia etapas superiores de la relaci\u00f3n, e insisti\u00f3 en que la firma del Acuerdo Global Modernizado ser\u00e1 fundamental.<\/p>\n<p>Destac\u00f3 que hoy sostuvieron la primera mesa de trabajo de la XXX Reuni\u00f3n de la Comisi\u00f3n Parlamentaria Mixta entre M\u00e9xico y la Uni\u00f3n Europea, en la que se abord\u00f3 la importancia de las relaciones pol\u00edticas<\/p>\n<p>Ma\u00f1ana, adelant\u00f3, se llevar\u00e1n a cabo tres sesiones m\u00e1s: en la primera se abordar\u00e1 la modernizaci\u00f3n del Acuerdo Global; posteriormente, el tema de las relaciones econ\u00f3micas comerciales y la sostenibilidad; mientras que la tercera sesi\u00f3n tratar\u00e1 sobre derechos humanos, sociales y migraci\u00f3n.<\/p>\n<p>Por su parte, Massimiliano Smeriglio, presidente de la Delegaci\u00f3n Europea, dijo que el objetivo del encuentro es impulsar la modernizaci\u00f3n del Acuerdo con M\u00e9xico, porque el que se tiene es de hace 20 a\u00f1os, y ya est\u00e1 superado, por lo que es necesario hacerle cambios para brindar protecci\u00f3n a los derechos humanos.<\/p>\n<p>\u201cTenemos hasta el 24 de junio del a\u00f1o entrante para ratificar este Acuerdo. Seguiremos trabajando entre todos los parlamentarios involucrados, porque es un acuerdo fundamental entre M\u00e9xico y la Uni\u00f3n Europea\u201d.<\/p>\n","protected":false},"excerpt":{"rendered":"<p>Impulsar\u00e1 una relaci\u00f3n m\u00e1s productiva entre nuestra naci\u00f3n y 27 pa\u00edses europeos, afirma la senadora&#8230;<\/p>\n","protected":false},"author":1,"featured_media":20485,"comment_status":"open","ping_status":"closed","sticky":false,"template":"","format":"standard","meta":{"footnotes":""},"categories":[8],"tags":[],"class_list":["post-20483","post","type-post","status-publish","format-standard","has-post-thumbnail","hentry","category-politica"],"_links":{"self":[{"href":"https:\/\/newsqr.com.mx\/index.php?rest_route=\/wp\/v2\/posts\/20483","targetHints":{"allow":["GET"]}}],"collection":[{"href":"https:\/\/newsqr.com.mx\/index.php?rest_route=\/wp\/v2\/posts"}],"about":[{"href":"https:\/\/newsqr.com.mx\/index.php?rest_route=\/wp\/v2\/types\/post"}],"author":[{"embeddable":true,"href":"https:\/\/newsqr.com.mx\/index.php?rest_route=\/wp\/v2\/users\/1"}],"replies":[{"embeddable":true,"href":"https:\/\/newsqr.com.mx\/index.php?rest_route=%2Fwp%2Fv2%2Fcomments&post=20483"}],"version-history":[{"count":0,"href":"https:\/\/newsqr.com.mx\/index.php?rest_route=\/wp\/v2\/posts\/20483\/revisions"}],"wp:featuredmedia":[{"embeddable":true,"href":"https:\/\/newsqr.com.mx\/index.php?rest_route=\/wp\/v2\/media\/20485"}],"wp:attachment":[{"href":"https:\/\/newsqr.com.mx\/index.php?rest_route=%2Fwp%2Fv2%2Fmedia&parent=20483"}],"wp:term":[{"taxonomy":"category","embeddable":true,"href":"https:\/\/newsqr.com.mx\/index.php?rest_route=%2Fwp%2Fv2%2Fcategories&post=20483"},{"taxonomy":"post_tag","embeddable":true,"href":"https:\/\/newsqr.com.mx\/index.php?rest_route=%2Fwp%2Fv2%2Ftags&post=20483"}],"curies":[{"name":"wp","href":"https:\/\/api.w.org\/{rel}","templated":true}]}}