{"id":20553,"date":"2023-12-07T14:10:07","date_gmt":"2023-12-07T19:10:07","guid":{"rendered":"https:\/\/xn--mscarasypolticascozumel-t5b42a.com\/?p=20553"},"modified":"2023-12-07T14:10:07","modified_gmt":"2023-12-07T19:10:07","slug":"anuncia-dif-cozumel-recaudacion-de-fondos-apoyando-a-los-reyes-inclusivos-del-carnaval-2024","status":"publish","type":"post","link":"https:\/\/newsqr.com.mx\/?p=20553","title":{"rendered":"Anuncia DIF Cozumel recaudaci\u00f3n de fondos apoyando a los reyes inclusivos del Carnaval 2024"},"content":{"rendered":"<p class=\"ql-align-justify\">Con el objetivo de seguir acercando a la ciudadan\u00eda al tema de inclusi\u00f3n en un marco de respeto, equidad e igualdad de oportunidades, el gobierno municipal que encabeza la Lic. Juanita Alonso Marrufo, en coordinaci\u00f3n con el sistema para el Desarrollo Integral de la Familia (DIF) de Cozumel que preside la Lic. Susana del Mar Coral Villanueva, organizar\u00e1n dos eventos con fines recaudatorios para apoyar a los Reyes DIF en el Carnaval 2024.<\/p>\n<p class=\"ql-align-justify\">La coordinadora de Inclusi\u00f3n a personas con Discapacidad, Mtra. Patricia del Carmen Carrillo Chulin, invita a la poblaci\u00f3n a participar en ambos eventos: \u201cT\u00f3mate la foto con Santa\u201d, que se estar\u00e1 realizando a partir de las 7 de noche de hoy viernes 08 de diciembre en la Asociaci\u00f3n MNE Sinergia Cozumel, ubicado en Av. Zamn\u00e1 entre 90 y 95.<\/p>\n<p class=\"ql-align-justify\">Para el d\u00eda viernes 15 de diciembre, se realizar\u00e1 en las instalaciones del sistema DIF, la tercera edici\u00f3n del programa \u201cDona Con Amor\u201d, que consiste es la venta a bajo costo de 120 paquetes de donas.<\/p>\n<p class=\"ql-align-justify\">Todo el recurso que se logre recaudar en ambos programas, se destinar\u00e1 para la compra de vestuarios y otros gastos que estar\u00e1n requiriendo los Reyes Inclusivos del sistema para el Desarrollo Integral de la Familia DIF (DIF) de Cozumel.<\/p>\n","protected":false},"excerpt":{"rendered":"<p>Con el objetivo de seguir acercando a la ciudadan\u00eda al tema de inclusi\u00f3n en un&#8230;<\/p>\n","protected":false},"author":1,"featured_media":20555,"comment_status":"open","ping_status":"closed","sticky":false,"template":"","format":"standard","meta":{"footnotes":""},"categories":[10],"tags":[],"class_list":["post-20553","post","type-post","status-publish","format-standard","has-post-thumbnail","hentry","category-local"],"_links":{"self":[{"href":"https:\/\/newsqr.com.mx\/index.php?rest_route=\/wp\/v2\/posts\/20553","targetHints":{"allow":["GET"]}}],"collection":[{"href":"https:\/\/newsqr.com.mx\/index.php?rest_route=\/wp\/v2\/posts"}],"about":[{"href":"https:\/\/newsqr.com.mx\/index.php?rest_route=\/wp\/v2\/types\/post"}],"author":[{"embeddable":true,"href":"https:\/\/newsqr.com.mx\/index.php?rest_route=\/wp\/v2\/users\/1"}],"replies":[{"embeddable":true,"href":"https:\/\/newsqr.com.mx\/index.php?rest_route=%2Fwp%2Fv2%2Fcomments&post=20553"}],"version-history":[{"count":0,"href":"https:\/\/newsqr.com.mx\/index.php?rest_route=\/wp\/v2\/posts\/20553\/revisions"}],"wp:featuredmedia":[{"embeddable":true,"href":"https:\/\/newsqr.com.mx\/index.php?rest_route=\/wp\/v2\/media\/20555"}],"wp:attachment":[{"href":"https:\/\/newsqr.com.mx\/index.php?rest_route=%2Fwp%2Fv2%2Fmedia&parent=20553"}],"wp:term":[{"taxonomy":"category","embeddable":true,"href":"https:\/\/newsqr.com.mx\/index.php?rest_route=%2Fwp%2Fv2%2Fcategories&post=20553"},{"taxonomy":"post_tag","embeddable":true,"href":"https:\/\/newsqr.com.mx\/index.php?rest_route=%2Fwp%2Fv2%2Ftags&post=20553"}],"curies":[{"name":"wp","href":"https:\/\/api.w.org\/{rel}","templated":true}]}}