{"id":20782,"date":"2023-12-20T17:37:54","date_gmt":"2023-12-20T22:37:54","guid":{"rendered":"https:\/\/xn--mscarasypolticascozumel-t5b42a.com\/?p=20782"},"modified":"2023-12-20T17:37:54","modified_gmt":"2023-12-20T22:37:54","slug":"presentan-diagnostico-de-la-direccion-de-seguridad-publica-y-transito-de-cozumel","status":"publish","type":"post","link":"https:\/\/newsqr.com.mx\/?p=20782","title":{"rendered":"Presentan diagn\u00f3stico de la Direcci\u00f3n de Seguridad P\u00fablica y Tr\u00e1nsito de Cozumel"},"content":{"rendered":"<p class=\"ql-align-justify\">En el marco del proceso de alineaci\u00f3n al Modelo Nacional de Polic\u00eda y Justicia C\u00edvica se present\u00f3 el diagn\u00f3stico sobre c\u00f3mo se encuentra la Direcci\u00f3n de Seguridad P\u00fablica y Tr\u00e1nsito de Cozumel ya que se tiene hasta el mes de abril para restructurar la corporaci\u00f3n y encaminarnos a la Ley Estatal de Seguridad Ciudadana, inform\u00f3 la primera regidora Profesora \u00c1ngela del\u00a0Socorro Carrillo Chulim.<\/p>\n<p class=\"ql-align-justify\">La Dra. Luz Margarita Gonz\u00e1lez lider\u00f3 la evaluaci\u00f3n en el sal\u00f3n Municipios, destacando la importancia de crear \u00e1reas dedicadas a la Prevenci\u00f3n del Delito, Participaci\u00f3n Ciudadana y Cultura de Paz en la corporaci\u00f3n. Adem\u00e1s, se hizo hincapi\u00e9 en el fortalecimiento del Grupo Especial de Atenci\u00f3n a la Violencia Familiar y de G\u00e9nero.<\/p>\n<p class=\"ql-align-justify\">La primera regidora coment\u00f3 que la alineaci\u00f3n al Modelo Nacional de Polic\u00eda y Justicia C\u00edvica en la isla traer\u00e1 importantes beneficios para\u00a0\u00a0la ciudadan\u00eda en materia de faltas administrativas ya que no es una ley de barandillas que s\u00f3lo se dedique a la amonestaci\u00f3n, sino que existan alternativas para ayudar al ciudadano en cuestiones psicol\u00f3gicas y con alternativas de trabajo comunitario.<\/p>\n<p class=\"ql-align-justify\">El evento cont\u00f3 con la presencia del secretario general del Ayuntamiento, Ociel Gonz\u00e1lez Gonz\u00e1lez, as\u00ed como la tercera y quinta regidora, Cante y Ana Arana, respectivamente. Tambi\u00e9n estuvo presente el coordinador del delito, Alejandro Moreno Pe\u00f1a.<\/p>\n","protected":false},"excerpt":{"rendered":"<p>En el marco del proceso de alineaci\u00f3n al Modelo Nacional de Polic\u00eda y Justicia C\u00edvica&#8230;<\/p>\n","protected":false},"author":1,"featured_media":20784,"comment_status":"open","ping_status":"closed","sticky":false,"template":"","format":"standard","meta":{"footnotes":""},"categories":[10],"tags":[],"class_list":["post-20782","post","type-post","status-publish","format-standard","has-post-thumbnail","hentry","category-local"],"_links":{"self":[{"href":"https:\/\/newsqr.com.mx\/index.php?rest_route=\/wp\/v2\/posts\/20782","targetHints":{"allow":["GET"]}}],"collection":[{"href":"https:\/\/newsqr.com.mx\/index.php?rest_route=\/wp\/v2\/posts"}],"about":[{"href":"https:\/\/newsqr.com.mx\/index.php?rest_route=\/wp\/v2\/types\/post"}],"author":[{"embeddable":true,"href":"https:\/\/newsqr.com.mx\/index.php?rest_route=\/wp\/v2\/users\/1"}],"replies":[{"embeddable":true,"href":"https:\/\/newsqr.com.mx\/index.php?rest_route=%2Fwp%2Fv2%2Fcomments&post=20782"}],"version-history":[{"count":0,"href":"https:\/\/newsqr.com.mx\/index.php?rest_route=\/wp\/v2\/posts\/20782\/revisions"}],"wp:featuredmedia":[{"embeddable":true,"href":"https:\/\/newsqr.com.mx\/index.php?rest_route=\/wp\/v2\/media\/20784"}],"wp:attachment":[{"href":"https:\/\/newsqr.com.mx\/index.php?rest_route=%2Fwp%2Fv2%2Fmedia&parent=20782"}],"wp:term":[{"taxonomy":"category","embeddable":true,"href":"https:\/\/newsqr.com.mx\/index.php?rest_route=%2Fwp%2Fv2%2Fcategories&post=20782"},{"taxonomy":"post_tag","embeddable":true,"href":"https:\/\/newsqr.com.mx\/index.php?rest_route=%2Fwp%2Fv2%2Ftags&post=20782"}],"curies":[{"name":"wp","href":"https:\/\/api.w.org\/{rel}","templated":true}]}}