{"id":20815,"date":"2023-12-22T16:18:57","date_gmt":"2023-12-22T21:18:57","guid":{"rendered":"https:\/\/xn--mscarasypolticascozumel-t5b42a.com\/?p=20815"},"modified":"2023-12-22T16:18:57","modified_gmt":"2023-12-22T21:18:57","slug":"fallece-veterano-de-guerra-del-escuadron-201-radicado-en-cozumel","status":"publish","type":"post","link":"https:\/\/newsqr.com.mx\/?p=20815","title":{"rendered":"Fallece veterano de guerra del Escuadr\u00f3n 201 radicado en Cozumel"},"content":{"rendered":"<div>\n<div class=\"row m-b-15\">\n<div class=\"col-xs-12 col-sm-12 col-md-12 col-lg-12\">\n<h3 class=\"introduction\" style=\"text-align: center;\">Francisco Javier D\u00edaz Aguayo fue homenajeado por las Fuerzas Armadas en una funeraria privada de la colonia Adolfo L\u00f3pez Mateos.<\/h3>\n<\/div>\n<\/div>\n<\/div>\n<div class=\"row m-b-25\">\n<div class=\"col-xs-12 col-sm-12 col-md-12 col-lg-12 info-extra-new\">\n<p><strong>Francisco Javier D\u00edaz Aguayo<\/strong>, sargento primero de transmisiones e integrante del reconocido Escuadr\u00f3n 201 de la Fuerza A\u00e9rea Expedicionaria Mexicana falleci\u00f3 a los 98 a\u00f1os de edad, en Cozumel.<\/p>\n<p>Nacido el 20 de julio de 1925 en Cocula, Jalisco, el difunto sargento fue homenajeado por las Fuerzas Armadas estacionadas en Cozumel, en una funeraria privada de la colonia Adolfo L\u00f3pez Mateos.<\/p>\n<p>Cabe destacar que D\u00edaz Aguayo radic\u00f3 sus \u00faltimos a\u00f1os de vida en Cozumel.<\/p>\n<p>Con la muerte de Francisco Javier D\u00edaz Aguayo, s\u00f3lo queda un integrante vivo del legendario y respetado Escuadr\u00f3n 201.<\/p>\n<h2>\u00bfQu\u00e9 era el Escuadr\u00f3n 201?<\/h2>\n<p>M\u00e9xico fue un pa\u00eds que mantuvo una postura neutral durante la Segunda Guerra Mundial, sin embargo toda imparcialidad se esfum\u00f3 el 13 de mayo de 1942, cuando el barco\u00a0 petrolero \u2018Potrero del Llano\u2019 utilizado para abastecer a Estados Unidos, fue atacado por un submarino alem\u00e1n.<\/p>\n<p>Meses despu\u00e9s, otras embarcaciones mar\u00edtimas mexicanas fueron atacadas, generando decenas de mexicanos heridos.<\/p>\n<p>El gobierno del entonces presidente Manuel \u00c1vila Camacho, solicit\u00f3 indemnizaciones por los da\u00f1os efectuados a su flota, pero al obtener una respuesta negativa, decidi\u00f3 declararle la guerra a Alemania, Jap\u00f3n e Italia.<\/p>\n<p>Fue en ese momento en que el Escuadr\u00f3n 201 formaba sus inicios<\/p>\n<p>El gobierno mexicano form\u00f3 un equipo especial, nombrado \u2018Escuadr\u00f3n 201\u2019, conformado por miembros del Ej\u00e9rcito, j\u00f3venes que acababan de egresar de los diversos colegios militares del pa\u00eds, as\u00ed como civiles de la F\u00e1brica de Materiales de Guerra.<\/p>\n<p>Una vez establecido el escuadr\u00f3n, los miembros recibieron entrenamiento especial en varias regiones de Estados Unidos, aunque sus principales campos de preparaci\u00f3n fueron los ubicados en\u00a0<strong>Greenville<\/strong>, Texas y\u00a0<strong>Pocatello<\/strong>, Idaho.<\/p>\n<p>Su labor durante la Segunda Guerra Mundial se bas\u00f3 en operaciones de observaci\u00f3n, bombardeo y ametrallamiento, los cuales fueron dirigidos a posiciones japonesas, veh\u00edculos en convoy y emplazamientos de artiller\u00eda en Filipinas y Formosa.<\/p>\n<\/div>\n<\/div>\n","protected":false},"excerpt":{"rendered":"<p>Francisco Javier D\u00edaz Aguayo fue homenajeado por las Fuerzas Armadas en una funeraria privada de&#8230;<\/p>\n","protected":false},"author":1,"featured_media":20817,"comment_status":"open","ping_status":"closed","sticky":false,"template":"","format":"standard","meta":{"footnotes":""},"categories":[10],"tags":[],"class_list":["post-20815","post","type-post","status-publish","format-standard","has-post-thumbnail","hentry","category-local"],"_links":{"self":[{"href":"https:\/\/newsqr.com.mx\/index.php?rest_route=\/wp\/v2\/posts\/20815","targetHints":{"allow":["GET"]}}],"collection":[{"href":"https:\/\/newsqr.com.mx\/index.php?rest_route=\/wp\/v2\/posts"}],"about":[{"href":"https:\/\/newsqr.com.mx\/index.php?rest_route=\/wp\/v2\/types\/post"}],"author":[{"embeddable":true,"href":"https:\/\/newsqr.com.mx\/index.php?rest_route=\/wp\/v2\/users\/1"}],"replies":[{"embeddable":true,"href":"https:\/\/newsqr.com.mx\/index.php?rest_route=%2Fwp%2Fv2%2Fcomments&post=20815"}],"version-history":[{"count":0,"href":"https:\/\/newsqr.com.mx\/index.php?rest_route=\/wp\/v2\/posts\/20815\/revisions"}],"wp:featuredmedia":[{"embeddable":true,"href":"https:\/\/newsqr.com.mx\/index.php?rest_route=\/wp\/v2\/media\/20817"}],"wp:attachment":[{"href":"https:\/\/newsqr.com.mx\/index.php?rest_route=%2Fwp%2Fv2%2Fmedia&parent=20815"}],"wp:term":[{"taxonomy":"category","embeddable":true,"href":"https:\/\/newsqr.com.mx\/index.php?rest_route=%2Fwp%2Fv2%2Fcategories&post=20815"},{"taxonomy":"post_tag","embeddable":true,"href":"https:\/\/newsqr.com.mx\/index.php?rest_route=%2Fwp%2Fv2%2Ftags&post=20815"}],"curies":[{"name":"wp","href":"https:\/\/api.w.org\/{rel}","templated":true}]}}