{"id":21375,"date":"2024-01-26T09:03:09","date_gmt":"2024-01-26T14:03:09","guid":{"rendered":"https:\/\/xn--mscarasypolticascozumel-t5b42a.com\/?p=21375"},"modified":"2024-01-26T09:03:09","modified_gmt":"2024-01-26T14:03:09","slug":"jurgen-klopp-deja-al-liverpool-a-final-de-temporada","status":"publish","type":"post","link":"https:\/\/newsqr.com.mx\/?p=21375","title":{"rendered":"J\u00fcrgen Klopp deja al Liverpool a final de temporada"},"content":{"rendered":"<p>LONDRES &#8212; El alem\u00e1n J\u00fcrgen Klopp anunci\u00f3 este viernes que dejar\u00e1 el Liverpool a final de temporada, tras casi nueve a\u00f1os en el cargo.<\/p>\n<p>Klopp, que lleg\u00f3 a Anfield en octubre de 2015, devolvi\u00f3 al Liverpool a la gloria europea, con la conquista de la Champions League en 2019, y al \u00e9xito dom\u00e9stico, con la primera liga en 30 a\u00f1os en 2020, adem\u00e1s de conquistar una FA Cup, una Copa de la Liga, una Supercopa de Europa y un Mundial de Clubes.<\/p>\n<p>\u00abMe estoy quedando sin energ\u00eda\u00bb, dijo Klopp en una entrevista con los medios del club en la que explic\u00f3 las razones de su marcha. \u00abNo tengo ning\u00fan problema, obviamente. Sab\u00eda que tendr\u00eda que anunciarlo en alg\u00fan momento, est\u00e1 todo bien, pero s\u00e9 que no puedo hacer este trabajo una y otra vez\u00bb.<\/p>\n<p>Klopp explic\u00f3 que le comunic\u00f3 a la directiva su marcha en noviembre, cuando empezaron a planificar la pr\u00f3xima temporada y se dijo a s\u00ed mismo: \u00abNo s\u00e9 si estar\u00e9 aqu\u00ed el a\u00f1o que viene\u00bb.<\/p>\n<p>\u00abPuedo entender que esto sea un shock para mucha gente, pero lo puedo explicar. Amo todo sobre este club, esta ciudad y nuestros aficionados. Amo el equipo y a mi cuerpo t\u00e9cnico. Todo, pero que tome esta decisi\u00f3n muestra que estoy convencido de que es la que tengo que tomar\u00bb.<\/p>\n<p>Junto a Klopp se marchan del equipo sus asistentes Pepijn Lijnders, que comenzar\u00e1 una carrera en solitario como entrenador, y Peter Krawietz, adem\u00e1s del entrenador de desarrollo de \u00e9lite Vitor Matos.<\/p>\n","protected":false},"excerpt":{"rendered":"<p>LONDRES &#8212; El alem\u00e1n J\u00fcrgen Klopp anunci\u00f3 este viernes que dejar\u00e1 el Liverpool a final&#8230;<\/p>\n","protected":false},"author":1,"featured_media":21377,"comment_status":"open","ping_status":"closed","sticky":false,"template":"","format":"standard","meta":{"footnotes":""},"categories":[5],"tags":[],"class_list":["post-21375","post","type-post","status-publish","format-standard","has-post-thumbnail","hentry","category-deportes"],"_links":{"self":[{"href":"https:\/\/newsqr.com.mx\/index.php?rest_route=\/wp\/v2\/posts\/21375","targetHints":{"allow":["GET"]}}],"collection":[{"href":"https:\/\/newsqr.com.mx\/index.php?rest_route=\/wp\/v2\/posts"}],"about":[{"href":"https:\/\/newsqr.com.mx\/index.php?rest_route=\/wp\/v2\/types\/post"}],"author":[{"embeddable":true,"href":"https:\/\/newsqr.com.mx\/index.php?rest_route=\/wp\/v2\/users\/1"}],"replies":[{"embeddable":true,"href":"https:\/\/newsqr.com.mx\/index.php?rest_route=%2Fwp%2Fv2%2Fcomments&post=21375"}],"version-history":[{"count":0,"href":"https:\/\/newsqr.com.mx\/index.php?rest_route=\/wp\/v2\/posts\/21375\/revisions"}],"wp:featuredmedia":[{"embeddable":true,"href":"https:\/\/newsqr.com.mx\/index.php?rest_route=\/wp\/v2\/media\/21377"}],"wp:attachment":[{"href":"https:\/\/newsqr.com.mx\/index.php?rest_route=%2Fwp%2Fv2%2Fmedia&parent=21375"}],"wp:term":[{"taxonomy":"category","embeddable":true,"href":"https:\/\/newsqr.com.mx\/index.php?rest_route=%2Fwp%2Fv2%2Fcategories&post=21375"},{"taxonomy":"post_tag","embeddable":true,"href":"https:\/\/newsqr.com.mx\/index.php?rest_route=%2Fwp%2Fv2%2Ftags&post=21375"}],"curies":[{"name":"wp","href":"https:\/\/api.w.org\/{rel}","templated":true}]}}