{"id":21478,"date":"2024-02-01T10:14:56","date_gmt":"2024-02-01T15:14:56","guid":{"rendered":"https:\/\/newsqr.com.mx\/?p=21478"},"modified":"2024-02-01T15:14:58","modified_gmt":"2024-02-01T15:14:58","slug":"juan-collado-es-absuelto-de-lavado-y-delincuencia","status":"publish","type":"post","link":"https:\/\/newsqr.com.mx\/?p=21478","title":{"rendered":"Juan Collado es absuelto de lavado y delincuencia"},"content":{"rendered":"<p>El juez federal Gustavo Aquiles Villase\u00f1or, adscrito al Centro de Justicia Penal Federal del Reclusorio Norte, orden\u00f3 el sobreseimiento de las acusaciones contra el abogado Juan Collado por los delitos de lavado de dinero y delincuencia organizada.<\/p>\n<p>La decisi\u00f3n del impartidor de justicia es dar la absoluci\u00f3n con efecto inmediato al abogado Collado, quien llevaba su proceso en libertad, ya que le fue concedida esta medida cautelar con brazalete y sin salir del pa\u00eds.<\/p>\n<p>Al cierre de esta edici\u00f3n, el Consejo de la Judicatura Federal (CJF) y la Fiscal\u00eda General de la Rep\u00fablica (FGR) no hab\u00edan hecho ning\u00fan comentario sobre la decisi\u00f3n del impartidor de justicia que orden\u00f3 el sobreseimiento del caso en favor de Juan Collado.<\/p>\n<p>Ser\u00e1 en las pr\u00f3ximas horas cuando la FGR realice la apelaci\u00f3n correspondiente, para ello cuenta con 48 horas para hacer este alegato en contra de la decisi\u00f3n del juez Gustavo Aquiles Villase\u00f1or, quien en su momento tambi\u00e9n ha favorecido a otras figuras pol\u00edticas, como fue el caso de Rosario Robles Berlanga.<\/p>\n<p>Collado fue acusado por la operaci\u00f3n con recursos de procedencia il\u00edcita, fraude fiscal por 36 millones de pesos, y fue vinculado a proceso por peculado por m\u00e1s de 13 millones de pesos, en el que se afect\u00f3 al gobierno de Chihuahua.<\/p>\n<p>Adem\u00e1s, se le relacion\u00f3 con el C\u00e1rtel de Sinaloa.<\/p>\n","protected":false},"excerpt":{"rendered":"<p>El juez federal Gustavo Aquiles Villase\u00f1or, adscrito al Centro de Justicia Penal Federal del Reclusorio&#8230;<\/p>\n","protected":false},"author":1,"featured_media":21480,"comment_status":"open","ping_status":"closed","sticky":false,"template":"","format":"standard","meta":{"footnotes":""},"categories":[2],"tags":[],"class_list":["post-21478","post","type-post","status-publish","format-standard","has-post-thumbnail","hentry","category-nacional"],"_links":{"self":[{"href":"https:\/\/newsqr.com.mx\/index.php?rest_route=\/wp\/v2\/posts\/21478","targetHints":{"allow":["GET"]}}],"collection":[{"href":"https:\/\/newsqr.com.mx\/index.php?rest_route=\/wp\/v2\/posts"}],"about":[{"href":"https:\/\/newsqr.com.mx\/index.php?rest_route=\/wp\/v2\/types\/post"}],"author":[{"embeddable":true,"href":"https:\/\/newsqr.com.mx\/index.php?rest_route=\/wp\/v2\/users\/1"}],"replies":[{"embeddable":true,"href":"https:\/\/newsqr.com.mx\/index.php?rest_route=%2Fwp%2Fv2%2Fcomments&post=21478"}],"version-history":[{"count":1,"href":"https:\/\/newsqr.com.mx\/index.php?rest_route=\/wp\/v2\/posts\/21478\/revisions"}],"predecessor-version":[{"id":21479,"href":"https:\/\/newsqr.com.mx\/index.php?rest_route=\/wp\/v2\/posts\/21478\/revisions\/21479"}],"wp:featuredmedia":[{"embeddable":true,"href":"https:\/\/newsqr.com.mx\/index.php?rest_route=\/wp\/v2\/media\/21480"}],"wp:attachment":[{"href":"https:\/\/newsqr.com.mx\/index.php?rest_route=%2Fwp%2Fv2%2Fmedia&parent=21478"}],"wp:term":[{"taxonomy":"category","embeddable":true,"href":"https:\/\/newsqr.com.mx\/index.php?rest_route=%2Fwp%2Fv2%2Fcategories&post=21478"},{"taxonomy":"post_tag","embeddable":true,"href":"https:\/\/newsqr.com.mx\/index.php?rest_route=%2Fwp%2Fv2%2Ftags&post=21478"}],"curies":[{"name":"wp","href":"https:\/\/api.w.org\/{rel}","templated":true}]}}