{"id":21570,"date":"2024-02-07T10:16:00","date_gmt":"2024-02-07T15:16:00","guid":{"rendered":"https:\/\/newsqr.com.mx\/?p=21570"},"modified":"2024-02-07T15:16:03","modified_gmt":"2024-02-07T15:16:03","slug":"voto-en-el-extranjero-abren-jornada-especial-de-registro-para-mexicanos-en-eu-y-canada","status":"publish","type":"post","link":"https:\/\/newsqr.com.mx\/?p=21570","title":{"rendered":"Voto en el extranjero: Abren jornada especial de registro para mexicanos en EU y Canad\u00e1"},"content":{"rendered":"<p>De cara a las elecciones del pr\u00f3ximo 2 de junio, las personas mexicanas en el extranjero podr\u00e1n emitir su voto, pero deben registrarse antes del 20 de febrero.<\/p>\n<p>&nbsp;<\/p>\n<p>Para que puedan ejercer su derecho al voto, este s\u00e1bado 10 de febrero todos los consulados de M\u00e9xico en Estados Unidos y Canad\u00e1 realizar\u00e1n una jornada especial para brindar apoyo en el registro.<\/p>\n<p>&nbsp;<\/p>\n<p>\u00bfD\u00f3nde y c\u00f3mo?<\/p>\n<p>En cada consulado habr\u00e1 una mesa o ventanilla de atenci\u00f3n en la que personal de la oficina brindar\u00e1 auxilio para poder realizar el registro en la p\u00e1gina votoextranjero.mx.<\/p>\n<p>&nbsp;<\/p>\n<p>Tambi\u00e9n habr\u00e1 personal del consulado recorriendo el \u00e1rea de atenci\u00f3n al p\u00fablico para auxiliar a las personas que requieran asistencia para realizar su registro y elegir la modalidad de voto de su preferencia.<\/p>\n<p>&nbsp;<\/p>\n<p>Hay que tener en cuenta que es indispensable contar con una credencial para votar vigente, expedida en el extranjero o en territorio nacional.<\/p>\n<p>&nbsp;<\/p>\n<p>&nbsp;<\/p>\n<p>Modalidades del voto<\/p>\n<p>La fecha l\u00edmite es el 20 de febrero para realizar el registro en alguna de las tres modalidades de voto:<\/p>\n<p>&nbsp;<\/p>\n<p>-En l\u00ednea.<\/p>\n<p>&nbsp;<\/p>\n<p>-Correo postal.<\/p>\n<p>&nbsp;<\/p>\n<p>-Presencial, en oficinas seleccionadas.<\/p>\n<p>&nbsp;<\/p>\n<p>Tambi\u00e9n estar\u00e1n disponibles los tr\u00e1mites de pasaporte y matr\u00edcula consular con previa cita a trav\u00e9s de la plataforma MiConsulado. La cita se debe programar a trav\u00e9s del sitio miconsulado.sre.gob.mx, v\u00eda WhatsApp al 1-424-309-0009 o v\u00eda telef\u00f3nica en el mismo n\u00famero.<\/p>\n","protected":false},"excerpt":{"rendered":"<p>De cara a las elecciones del pr\u00f3ximo 2 de junio, las personas mexicanas en el&#8230;<\/p>\n","protected":false},"author":1,"featured_media":21572,"comment_status":"open","ping_status":"closed","sticky":false,"template":"","format":"standard","meta":{"footnotes":""},"categories":[2],"tags":[],"class_list":["post-21570","post","type-post","status-publish","format-standard","has-post-thumbnail","hentry","category-nacional"],"_links":{"self":[{"href":"https:\/\/newsqr.com.mx\/index.php?rest_route=\/wp\/v2\/posts\/21570","targetHints":{"allow":["GET"]}}],"collection":[{"href":"https:\/\/newsqr.com.mx\/index.php?rest_route=\/wp\/v2\/posts"}],"about":[{"href":"https:\/\/newsqr.com.mx\/index.php?rest_route=\/wp\/v2\/types\/post"}],"author":[{"embeddable":true,"href":"https:\/\/newsqr.com.mx\/index.php?rest_route=\/wp\/v2\/users\/1"}],"replies":[{"embeddable":true,"href":"https:\/\/newsqr.com.mx\/index.php?rest_route=%2Fwp%2Fv2%2Fcomments&post=21570"}],"version-history":[{"count":1,"href":"https:\/\/newsqr.com.mx\/index.php?rest_route=\/wp\/v2\/posts\/21570\/revisions"}],"predecessor-version":[{"id":21571,"href":"https:\/\/newsqr.com.mx\/index.php?rest_route=\/wp\/v2\/posts\/21570\/revisions\/21571"}],"wp:featuredmedia":[{"embeddable":true,"href":"https:\/\/newsqr.com.mx\/index.php?rest_route=\/wp\/v2\/media\/21572"}],"wp:attachment":[{"href":"https:\/\/newsqr.com.mx\/index.php?rest_route=%2Fwp%2Fv2%2Fmedia&parent=21570"}],"wp:term":[{"taxonomy":"category","embeddable":true,"href":"https:\/\/newsqr.com.mx\/index.php?rest_route=%2Fwp%2Fv2%2Fcategories&post=21570"},{"taxonomy":"post_tag","embeddable":true,"href":"https:\/\/newsqr.com.mx\/index.php?rest_route=%2Fwp%2Fv2%2Ftags&post=21570"}],"curies":[{"name":"wp","href":"https:\/\/api.w.org\/{rel}","templated":true}]}}