{"id":21732,"date":"2024-02-14T10:57:04","date_gmt":"2024-02-14T15:57:04","guid":{"rendered":"https:\/\/newsqr.com.mx\/?p=21732"},"modified":"2024-02-14T15:57:05","modified_gmt":"2024-02-14T15:57:05","slug":"la-cinta-mexicana-la-cocina-buscara-el-osos-de-oro-de-la-berlinale","status":"publish","type":"post","link":"https:\/\/newsqr.com.mx\/?p=21732","title":{"rendered":"La cinta mexicana \u2018La Cocina\u2019 buscar\u00e1 el Osos de Oro de la Berlinale"},"content":{"rendered":"<p>La pel\u00edcula mexicana \u201cLa Cocina\u201c, de Alonso Ruizpalacios, y la dominicana \u201cPepe\u201d, de Nelson Carlo de los Santos Arias, optar\u00e1n al Oso de Oro de la 74 edici\u00f3n de la Berlinale que arranca este jueves y entre cuyos veinte filmes a competici\u00f3n destaca tambi\u00e9n la presencia del mexicano Gael Garc\u00eda Bernal como protagonista de \u201cAnother End\u201d, de Pietro Messina.<\/p>\n<p>\u201cLa Cocina\u201c, una coproducci\u00f3n entre M\u00e9xico y Estados Unidos, retrata la vida de migrantes en la cocina de un restaurante de Nueva York donde se mezclan culturas de todo el mundo durante la hora punta del almuerzo y supone el regreso por tercera vez a la secci\u00f3n a competici\u00f3n de la Berlinale, tras \u201cMuseo\u201d en 2018 y \u201cUna pel\u00edcula de polic\u00edas\u201d, en 2021.<\/p>\n<p>\u201cPepe\u201d, una coproducci\u00f3n entre Rep\u00fablica Dominicana, Namibia, Alemania y Francia, se centra en un joven hipop\u00f3tamo asesinado en la selva de Colombia y que regresa en forma de fantasma.<\/p>\n<p>En tanto, Garc\u00eda Bernal, protagonista precisamente de la cinta de Ruizpalacios \u201cMuseo\u201d, regresa a la secci\u00f3n en competici\u00f3n este a\u00f1o en el papel principal junto a la actriz franco-argentina B\u00e9r\u00e9nice Bejo, en \u201cAnoter End\u201c, del italiano Piero Messina, un filme que habla de dos personas que se han amado y se siguen amando, incluso despu\u00e9s de la muerte de una de ellas.<\/p>\n<p>Tambi\u00e9n son candidatos a Oso los cortometrajes chileno \u201cAl sol, lejos del centro\u201d, de Luciana Merino y Pascal Viveros, y argentino \u201cUn movimiento extra\u00f1o\u201d, de Francisco Lezama.<\/p>\n<p>La secci\u00f3n a competici\u00f3n Encounters, creada para apoyar a las nuevas voces del cine y dar un mayor espacio a las diversas formas narrativas y documentales en el programa oficial, celebra el regreso al festival del actor argentino Nahuel P\u00e9rez Biscayart en \u201cDormir de olhos abertos\u201d (\u201cSleep With Your Eyes Open\u201d), del la cineasta alemana Nele Wohlatz en una coproducci\u00f3n de Brasil, Taiw\u00e1n, Argentina y Alemania.<\/p>\n<p>Biscayart llega al festival por partida doble, ya que protagoniza asimismo el filme \u201cLes gens d\u2019\u00e0 c\u00f4t\u00e9\u201d, del franc\u00e9s Andr\u00e9 T\u00e9chin\u00e9, que se proyectar\u00e1 dentro de la secci\u00f3n Panorama.<\/p>\n<p>Todav\u00eda dentro de Encounters podr\u00e1 verse otra cinta brasile\u00f1a, \u201cCidade; Campo\u201d, de Juliana Rojas, coproducida con Alemania y Francia, y \u201cT\u00fa me abrasas\u201d, del argentino Mat\u00edas Pi\u00f1eiro, coproducida con Espa\u00f1a.<\/p>\n<p>Entre las pel\u00edculas nominadas a mejor \u00f3pera prima figuran dentro de la secci\u00f3n Panorama la pel\u00edcula brasile\u00f1a \u201cBet\u00e2nia\u201d, de Marcelo Botta, y \u201cYo vi tres luces negras\u201d, de Santiago Lozano \u00c1lvarez, una coproducci\u00f3n entre Colombia, M\u00e9xico, Francia y Alemania.<\/p>\n<p>Adem\u00e1s est\u00e1n nominadas en al secci\u00f3n Forum la cinta espa\u00f1ola \u201cThe Human Hibernation\u201d de Anna Cornudella Castro, y \u201cLa piel en primavera\u201d, de Yennifer Uribe Alzate, coproducida entre Colombia y Chile.<\/p>\n<p>En tanto, aspiran al premio a mejor documental la cinta espa\u00f1ola \u201cLa hojarasca\u201d, de Macu Mach\u00edn, y la chilena \u201cOasis\u201d, de Tamara Uribe y Felipe Morgado, en la secci\u00f3n Panorama.<\/p>\n<p>En esta misma secci\u00f3n se presentar\u00e1n, adem\u00e1s, \u201cAlle die Du bist (\u201cEvery You Every Me\u201d), de Michael Fetter Nathansky (Alemania, Espa\u00f1a) y \u201cMemorias de un cuerpo que arde\u201d, de Antonella Sudasassi Furniss (Costa Rica, Espa\u00f1a).<\/p>\n<p>Dentro de la secci\u00f3n Forum, dedicada al cine experimental, se proyectar\u00e1, adem\u00e1s, \u201cReas\u201d, de la argentina Lola Arias, coproducida con Alemania y Suiza.<\/p>\n<p>En Forum Expanded, secci\u00f3n dedicada a explorar los l\u00edmites entre el cine y las artes visuales, podr\u00e1n verse lo filmes \u201cBarrunto\u201d, de Emilia Beatriz (Reino Unido, Puerto Rico) y \u201cQUEBRANTE\u201d, de Janaina Wagner (Brasil), adem\u00e1s de la performance \u201cNanacatepec\u201d, de Elena Pardo y Azucena Losana (M\u00e9xico, Espa\u00f1a).<\/p>\n<p>Dentro de la secci\u00f3n Generation, en el apartado Kplus, dedicado al cine infantil, se proyectar\u00e1n adem\u00e1s los filmes \u201cRa\u00edz\u201d, de Franco Garc\u00eda Becerra (Per\u00fa, Chile), \u201cReinas\u201d, de Klaudia Reynicke (Suiza, Per\u00fa, Espa\u00f1a), y \u201cLos tonos mayores\u201d, de Ingrid Pokropek (Argentina, Espa\u00f1a), adem\u00e1s de los cortos \u201cAguacuario\u201d, de Jose Eduardo Castilla Ponce (M\u00e9xico) y \u201cUli\u201d, de Mariana Gil R\u00edos (Argentina).<\/p>\n<p>Tambi\u00e9n en Generation, en el apartado 14plus, dedicado al cine juvenil, se podr\u00e1n ver los cortometrajes \u201cCura sana\u201d, de Luc\u00eda G. Romero (Espa\u00f1a), \u201cLapso\u201d, de Caroline Cavalcanti (Brasil) y \u201cUn p\u00e1jaro vol\u00f3\u201d, de Leinad P\u00e1jaro De la Hoz (Colombia, Cuba).<\/p>\n<p>La secci\u00f3n Berlinale Classics incluye en su programa \u201cDeprisa, deprisa\u201d, de Carlos Saura (Espa\u00f1a, Francia) y \u201cBatalla en el cielo\u201d, de Carlos Reygadas (M\u00e9xico, Alemania, B\u00e9lgica, Francia), y la secci\u00f3n Berlinale Special, \u201cShikun\u201d, de Amos Gitai (Israel, Francia, Suiza, Brasil, Reino Unido.<\/p>\n","protected":false},"excerpt":{"rendered":"<p>La pel\u00edcula mexicana \u201cLa Cocina\u201c, de Alonso Ruizpalacios, y la dominicana \u201cPepe\u201d, de Nelson Carlo&#8230;<\/p>\n","protected":false},"author":1,"featured_media":21734,"comment_status":"open","ping_status":"closed","sticky":false,"template":"","format":"standard","meta":{"footnotes":""},"categories":[3],"tags":[],"class_list":["post-21732","post","type-post","status-publish","format-standard","has-post-thumbnail","hentry","category-espectaculos"],"_links":{"self":[{"href":"https:\/\/newsqr.com.mx\/index.php?rest_route=\/wp\/v2\/posts\/21732","targetHints":{"allow":["GET"]}}],"collection":[{"href":"https:\/\/newsqr.com.mx\/index.php?rest_route=\/wp\/v2\/posts"}],"about":[{"href":"https:\/\/newsqr.com.mx\/index.php?rest_route=\/wp\/v2\/types\/post"}],"author":[{"embeddable":true,"href":"https:\/\/newsqr.com.mx\/index.php?rest_route=\/wp\/v2\/users\/1"}],"replies":[{"embeddable":true,"href":"https:\/\/newsqr.com.mx\/index.php?rest_route=%2Fwp%2Fv2%2Fcomments&post=21732"}],"version-history":[{"count":1,"href":"https:\/\/newsqr.com.mx\/index.php?rest_route=\/wp\/v2\/posts\/21732\/revisions"}],"predecessor-version":[{"id":21733,"href":"https:\/\/newsqr.com.mx\/index.php?rest_route=\/wp\/v2\/posts\/21732\/revisions\/21733"}],"wp:featuredmedia":[{"embeddable":true,"href":"https:\/\/newsqr.com.mx\/index.php?rest_route=\/wp\/v2\/media\/21734"}],"wp:attachment":[{"href":"https:\/\/newsqr.com.mx\/index.php?rest_route=%2Fwp%2Fv2%2Fmedia&parent=21732"}],"wp:term":[{"taxonomy":"category","embeddable":true,"href":"https:\/\/newsqr.com.mx\/index.php?rest_route=%2Fwp%2Fv2%2Fcategories&post=21732"},{"taxonomy":"post_tag","embeddable":true,"href":"https:\/\/newsqr.com.mx\/index.php?rest_route=%2Fwp%2Fv2%2Ftags&post=21732"}],"curies":[{"name":"wp","href":"https:\/\/api.w.org\/{rel}","templated":true}]}}