{"id":21750,"date":"2024-02-15T12:40:27","date_gmt":"2024-02-15T17:40:27","guid":{"rendered":"https:\/\/newsqr.com.mx\/?p=21750"},"modified":"2024-02-15T17:40:29","modified_gmt":"2024-02-15T17:40:29","slug":"inflacion-da-primer-respiro-a-argentinos","status":"publish","type":"post","link":"https:\/\/newsqr.com.mx\/?p=21750","title":{"rendered":"Inflaci\u00f3n da primer respiro a argentinos"},"content":{"rendered":"<p>Inflaci\u00f3n da primer respiro a argentinos<\/p>\n<p>BUENOS AIRES.\u2014 El alza de precios en Argentina report\u00f3 un menor incremento en el \u00faltimo mes.<\/p>\n<p>Seg\u00fan cifras oficiales presentadas ayer, la inflaci\u00f3n de enero alcanz\u00f3 20.6%, por debajo del 25.5% de diciembre.<\/p>\n<p>Los rubros con mayores aumentos en enero fueron bienes y servicios, con 44.4%%, transporte, con 26.3%, y comunicaci\u00f3n, con 25.1%.<\/p>\n<p>Adem\u00e1s, los alimentos y bebidas no alcoh\u00f3licas contribuyeron al aumento con un alza de 20.4%.<\/p>\n<p>El \u00edndice de precios al consumidor (IPC) de enero coincidi\u00f3 con las estimaciones previas que hab\u00eda hecho el gobierno del presidente Javier Milei, en torno de 20%, en un contexto de estanflaci\u00f3n (estancamiento econ\u00f3mico con inflaci\u00f3n) anunciado por el propio presidente a poco de asumir el cargo el pasado 10 de diciembre.<\/p>\n<p>Especialistas pidieron mesura ante el primer reporte del a\u00f1o sobre este indicador.<\/p>\n<p>Hay poco para festejar con una inflaci\u00f3n en esos niveles, sobre todo porque en diciembre los salarios se movieron por debajo de 9% y en enero m\u00e1s cerca de 15%, pero tambi\u00e9n por debajo de la inflaci\u00f3n\u201d, declar\u00f3 el economista Hern\u00e1n Letcher.<\/p>\n<p>La poblaci\u00f3n se quej\u00f3 de los resultados y aseguraron que han modificado su estilo de vida para adaptarse a los nuevos precios.<\/p>\n<p>Algunas cosas que com\u00eda antes no las como ahora, como el queso y la carne\u201d, dijo Elsa Gonz\u00e1lez, una jubilada de 74 a\u00f1os.<\/p>\n<p>Tras la difusi\u00f3n de estos reportes, la expresidenta argentina Cristina Kirchner acus\u00f3 a Milei de poner a Argentina al borde del shock y lo calific\u00f3 como un \u201cshowman-economista\u201d.<\/p>\n<p>El gobierno s\u00f3lo ha desplegado un feroz programa de ajuste que act\u00faa como un verdadero plan de desestabilizaci\u00f3n\u201d, expres\u00f3 Kirchner en un documento.<\/p>\n","protected":false},"excerpt":{"rendered":"<p>Inflaci\u00f3n da primer respiro a argentinos BUENOS AIRES.\u2014 El alza de precios en Argentina report\u00f3&#8230;<\/p>\n","protected":false},"author":1,"featured_media":21752,"comment_status":"open","ping_status":"closed","sticky":false,"template":"","format":"standard","meta":{"footnotes":""},"categories":[6],"tags":[],"class_list":["post-21750","post","type-post","status-publish","format-standard","has-post-thumbnail","hentry","category-internacional"],"_links":{"self":[{"href":"https:\/\/newsqr.com.mx\/index.php?rest_route=\/wp\/v2\/posts\/21750","targetHints":{"allow":["GET"]}}],"collection":[{"href":"https:\/\/newsqr.com.mx\/index.php?rest_route=\/wp\/v2\/posts"}],"about":[{"href":"https:\/\/newsqr.com.mx\/index.php?rest_route=\/wp\/v2\/types\/post"}],"author":[{"embeddable":true,"href":"https:\/\/newsqr.com.mx\/index.php?rest_route=\/wp\/v2\/users\/1"}],"replies":[{"embeddable":true,"href":"https:\/\/newsqr.com.mx\/index.php?rest_route=%2Fwp%2Fv2%2Fcomments&post=21750"}],"version-history":[{"count":1,"href":"https:\/\/newsqr.com.mx\/index.php?rest_route=\/wp\/v2\/posts\/21750\/revisions"}],"predecessor-version":[{"id":21751,"href":"https:\/\/newsqr.com.mx\/index.php?rest_route=\/wp\/v2\/posts\/21750\/revisions\/21751"}],"wp:featuredmedia":[{"embeddable":true,"href":"https:\/\/newsqr.com.mx\/index.php?rest_route=\/wp\/v2\/media\/21752"}],"wp:attachment":[{"href":"https:\/\/newsqr.com.mx\/index.php?rest_route=%2Fwp%2Fv2%2Fmedia&parent=21750"}],"wp:term":[{"taxonomy":"category","embeddable":true,"href":"https:\/\/newsqr.com.mx\/index.php?rest_route=%2Fwp%2Fv2%2Fcategories&post=21750"},{"taxonomy":"post_tag","embeddable":true,"href":"https:\/\/newsqr.com.mx\/index.php?rest_route=%2Fwp%2Fv2%2Ftags&post=21750"}],"curies":[{"name":"wp","href":"https:\/\/api.w.org\/{rel}","templated":true}]}}