{"id":21756,"date":"2024-02-16T11:12:45","date_gmt":"2024-02-16T16:12:45","guid":{"rendered":"https:\/\/newsqr.com.mx\/?p=21756"},"modified":"2024-02-16T16:12:47","modified_gmt":"2024-02-16T16:12:47","slug":"jugadores-y-jugadoras-de-juarez-despiden-a-puma-chavez-en-su-funeral","status":"publish","type":"post","link":"https:\/\/newsqr.com.mx\/?p=21756","title":{"rendered":"Jugadores y jugadoras de Ju\u00e1rez despiden a &#8216;Puma&#8217; Ch\u00e1vez en su funeral"},"content":{"rendered":"<p>Un \u00faltimo adi\u00f3s. Jugadores, jugadoras, cuerpo t\u00e9cnico y directivos de Ju\u00e1rez FC, adem\u00e1s de familiares y amigos se reunieron este jueves por la noche para el funeral del futbolista mexicano Diego \u2018Puma\u2019 Ch\u00e1vez, quien falleci\u00f3 el pasado mi\u00e9rcoles en la madrugada.<\/p>\n<p>En las primeras horas del pasado mi\u00e9rcoles 14 d febrero, &#8216;Puma&#8217; Ch\u00e1vez, muri\u00f3 en la ciudad fronteriza tras sufrir un accidente automovil\u00edstico. Los Bravos confirmaron la noticia a trav\u00e9s de redes sociales con un emotivo mensaje, donde lamentaron el fallecimiento y desearon pronta resignaci\u00f3n a sus familiares y amigos<\/p>\n<p>Ahora poco m\u00e1s de 24 horas despu\u00e9s, los integrantes del Ju\u00e1rez se unieron a los familiares del delantero mexicano en una misa de cuerpo presente, para darle el \u00faltimo adi\u00f3s, antes de que sea trasladado.<\/p>\n<p>De acuerdo con reportes, Ch\u00e1vez ser\u00e1 enterrado el pr\u00f3ximo domingo al medio d\u00eda en su estado natal en Veracruz. La familia trasladar\u00e1 al futbolista en las pr\u00f3ximas horas.<\/p>\n<p>Durante la ceremonia Andr\u00e9s Fassi, presidente del club dedic\u00f3 unas palabras al futbolista comentando: \u00abPedir mucho por la familia del Puma, un hombre que muri\u00f3 como vivi\u00f3, iba hacia todo r\u00e1pido, tremendamente alegre, era la alegr\u00eda del vestuario\u00bb.<\/p>\n","protected":false},"excerpt":{"rendered":"<p>Un \u00faltimo adi\u00f3s. Jugadores, jugadoras, cuerpo t\u00e9cnico y directivos de Ju\u00e1rez FC, adem\u00e1s de familiares&#8230;<\/p>\n","protected":false},"author":1,"featured_media":21758,"comment_status":"open","ping_status":"closed","sticky":false,"template":"","format":"standard","meta":{"footnotes":""},"categories":[5],"tags":[],"class_list":["post-21756","post","type-post","status-publish","format-standard","has-post-thumbnail","hentry","category-deportes"],"_links":{"self":[{"href":"https:\/\/newsqr.com.mx\/index.php?rest_route=\/wp\/v2\/posts\/21756","targetHints":{"allow":["GET"]}}],"collection":[{"href":"https:\/\/newsqr.com.mx\/index.php?rest_route=\/wp\/v2\/posts"}],"about":[{"href":"https:\/\/newsqr.com.mx\/index.php?rest_route=\/wp\/v2\/types\/post"}],"author":[{"embeddable":true,"href":"https:\/\/newsqr.com.mx\/index.php?rest_route=\/wp\/v2\/users\/1"}],"replies":[{"embeddable":true,"href":"https:\/\/newsqr.com.mx\/index.php?rest_route=%2Fwp%2Fv2%2Fcomments&post=21756"}],"version-history":[{"count":1,"href":"https:\/\/newsqr.com.mx\/index.php?rest_route=\/wp\/v2\/posts\/21756\/revisions"}],"predecessor-version":[{"id":21757,"href":"https:\/\/newsqr.com.mx\/index.php?rest_route=\/wp\/v2\/posts\/21756\/revisions\/21757"}],"wp:featuredmedia":[{"embeddable":true,"href":"https:\/\/newsqr.com.mx\/index.php?rest_route=\/wp\/v2\/media\/21758"}],"wp:attachment":[{"href":"https:\/\/newsqr.com.mx\/index.php?rest_route=%2Fwp%2Fv2%2Fmedia&parent=21756"}],"wp:term":[{"taxonomy":"category","embeddable":true,"href":"https:\/\/newsqr.com.mx\/index.php?rest_route=%2Fwp%2Fv2%2Fcategories&post=21756"},{"taxonomy":"post_tag","embeddable":true,"href":"https:\/\/newsqr.com.mx\/index.php?rest_route=%2Fwp%2Fv2%2Ftags&post=21756"}],"curies":[{"name":"wp","href":"https:\/\/api.w.org\/{rel}","templated":true}]}}