{"id":21774,"date":"2024-02-17T12:16:34","date_gmt":"2024-02-17T17:16:34","guid":{"rendered":"https:\/\/newsqr.com.mx\/?p=21774"},"modified":"2024-02-17T17:16:35","modified_gmt":"2024-02-17T17:16:35","slug":"obra-de-teatro-la-dama-de-negro-30-anos-de-aterrorizar-a-la-cdmx","status":"publish","type":"post","link":"https:\/\/newsqr.com.mx\/?p=21774","title":{"rendered":"Obra de teatro \u2018La Dama de Negro\u2019, 30 a\u00f1os de aterrorizar a la CDMX"},"content":{"rendered":"<p>El espectro de la obra teatral La Dama de Negro contin\u00faa aterrorizando a la Ciudad de M\u00e9xico desde que emergi\u00f3 en el hoy desaparecido Teatro Arlequ\u00edn hace 30 a\u00f1os, el 17 de febrero de 1994.<\/p>\n<p>Esta vez sali\u00f3 a las calles de la capital y mir\u00f3 de cerca a quienes encontr\u00f3 a su paso. La gente camin\u00f3 con mayor velocidad al percibirla a su lado. Algunas personas expresaron un rostro de incertidumbre y prefirieron no verla de frente, mientras que otras la observaron a lo lejos y la saludaron con las manos al viento. Ella, con su velo negro y su t\u00e9trico rostro debajo de \u00e9l, camin\u00f3 haciendo del tiempo un momento infinito.<\/p>\n<p>Bajo el vestuario de La Dama de Negro, desde hace tres d\u00e9cadas, ha estado la actriz Patricia Perr\u00edn, cuyo nombre se revel\u00f3 muchos a\u00f1os despu\u00e9s del estreno de la obra, pues la producci\u00f3n quer\u00eda dejar en inc\u00f3gnito la identidad del fantasma.<\/p>\n<p>En entrevista con Exc\u00e9lsior, se\u00f1al\u00f3 que pertenecer a la obra m\u00e1s longeva de la cartelera mexicana es un privilegio, pues la expectativa de la primera temporada era realizar por lo menos 500 funciones. Es as\u00ed que el agradecimiento fundamental es para el p\u00fablico que la ha mantenido con los telones abiertos no s\u00f3lo en la capital, sino en toda la Rep\u00fablica Mexicana, durante todo el a\u00f1o, sin que necesariamente sea en el contexto de D\u00eda de Muertos o Halloween.<\/p>\n<p>En los primeros diez a\u00f1os, el personaje era totalmente inc\u00f3gnito y, de hecho, se dec\u00eda que no hab\u00eda ninguna Dama de Negro. Cuando me contrataron, \u00e9sa fue una de las cosas que me dijeron, que yo iba a estar realmente como un fantasma y que no se me iba a mencionar en ninguna entrevista ni en ning\u00fan lado. Me pareci\u00f3 fant\u00e1stico, no tuve ning\u00fan problema al respecto.<\/p>\n<p>Fue tanta la inc\u00f3gnita de qui\u00e9n era la Dama, que la producci\u00f3n decidi\u00f3, cuando develamos la estatua de cera de la obra y el personaje en el Museo de Cera, dar a conocer que era yo quien personificaba a la Dama. Yo no quer\u00eda, prefer\u00eda mantener el misterio, pero la gente insisti\u00f3 tanto, que ah\u00ed se revel\u00f3. Sin embargo, todo sigue muy sutil en la obra y ella sigue con sus apariciones ef\u00edmeras, aunque hemos modificado algunas cosas para mayores efectos. Ahora la Dama da las gracias como un personaje m\u00edstico y hemos cuidado mucho que siga siendo ese espectro misterioso\u201d, expres\u00f3 Patricia en entrevista.<\/p>\n<p>La actriz recuerda perfectamente la primera funci\u00f3n de hace 30 a\u00f1os. La compa\u00f1\u00eda, entonces liderada por el productor Antonio Calvo y con Rafael Perr\u00edn, su hermano, y el maestro Germ\u00e1n Robles (q.e.p.d.) en escena, ten\u00edan la incertidumbre de si el p\u00fablico se asustar\u00eda.<\/p>\n<p>De entrada nos impact\u00f3 que hab\u00eda una fila enorme y que el teatro se atasc\u00f3, que la gente se qued\u00f3 afuera. Ya con el personaje, me asust\u00e9 de los gritos de la gente, porque no sab\u00eda en qu\u00e9 momento causar\u00eda tal efecto. Fue una magia incre\u00edble, porque est\u00e1bamos vendiendo terror. Conforme avanzaron las funciones, empezamos a disfrutar y perfeccionar; empez\u00f3 la creatividad para que la gente se aterrara m\u00e1s. Ahora la Dama aparece m\u00e1s veces y su maquillaje se ha adaptado, porque el primero lo dise\u00f1\u00f3 Germ\u00e1n Robles. Lo hemos perfeccionado, manteniendo esa primera idea.<\/p>\n<p>La obra ha tenido que evolucionar. Aunque no se ha perdido la esencia, tambi\u00e9n ha habido modificaciones t\u00e9cnicas, porque el avance tecnol\u00f3gico ha sido much\u00edsimo. As\u00ed que el audio y la iluminaci\u00f3n se han perfeccionado. Se ha hecho la obra m\u00e1s \u00e1gil y se desarrolla en un solo acto, lo que permite que la gente no se salga de la historia y est\u00e9 mucho m\u00e1s integrada y emocionada, con un resultado m\u00e1s fuerte de lo que ten\u00edamos en un inicio.<\/p>\n<p>Tambi\u00e9n se ha renovado el elenco. Cuando empez\u00e1bamos, nosotros \u00e9ramos los actores j\u00f3venes, pero, ahora, l\u00f3gicamente nos hemos tenido que rodear por actores y t\u00e9cnicos m\u00e1s j\u00f3venes, para que no se pierda esa magia, esa chispa, que la obra siempre ha tenido\u201d, explic\u00f3.<\/p>\n<p>Para Patricia Perr\u00edn, el mayor desaf\u00edo actual es robar la atenci\u00f3n y despertar la capacidad de sorpresa de un p\u00fablico habituado a la vor\u00e1gine de la informaci\u00f3n a trav\u00e9s de las pantallas de su celular y otros dispositivos tecnol\u00f3gicos.<\/p>\n","protected":false},"excerpt":{"rendered":"<p>El espectro de la obra teatral La Dama de Negro contin\u00faa aterrorizando a la Ciudad&#8230;<\/p>\n","protected":false},"author":1,"featured_media":21776,"comment_status":"open","ping_status":"closed","sticky":false,"template":"","format":"standard","meta":{"footnotes":""},"categories":[3],"tags":[],"class_list":["post-21774","post","type-post","status-publish","format-standard","has-post-thumbnail","hentry","category-espectaculos"],"_links":{"self":[{"href":"https:\/\/newsqr.com.mx\/index.php?rest_route=\/wp\/v2\/posts\/21774","targetHints":{"allow":["GET"]}}],"collection":[{"href":"https:\/\/newsqr.com.mx\/index.php?rest_route=\/wp\/v2\/posts"}],"about":[{"href":"https:\/\/newsqr.com.mx\/index.php?rest_route=\/wp\/v2\/types\/post"}],"author":[{"embeddable":true,"href":"https:\/\/newsqr.com.mx\/index.php?rest_route=\/wp\/v2\/users\/1"}],"replies":[{"embeddable":true,"href":"https:\/\/newsqr.com.mx\/index.php?rest_route=%2Fwp%2Fv2%2Fcomments&post=21774"}],"version-history":[{"count":1,"href":"https:\/\/newsqr.com.mx\/index.php?rest_route=\/wp\/v2\/posts\/21774\/revisions"}],"predecessor-version":[{"id":21775,"href":"https:\/\/newsqr.com.mx\/index.php?rest_route=\/wp\/v2\/posts\/21774\/revisions\/21775"}],"wp:featuredmedia":[{"embeddable":true,"href":"https:\/\/newsqr.com.mx\/index.php?rest_route=\/wp\/v2\/media\/21776"}],"wp:attachment":[{"href":"https:\/\/newsqr.com.mx\/index.php?rest_route=%2Fwp%2Fv2%2Fmedia&parent=21774"}],"wp:term":[{"taxonomy":"category","embeddable":true,"href":"https:\/\/newsqr.com.mx\/index.php?rest_route=%2Fwp%2Fv2%2Fcategories&post=21774"},{"taxonomy":"post_tag","embeddable":true,"href":"https:\/\/newsqr.com.mx\/index.php?rest_route=%2Fwp%2Fv2%2Ftags&post=21774"}],"curies":[{"name":"wp","href":"https:\/\/api.w.org\/{rel}","templated":true}]}}