{"id":21783,"date":"2024-02-19T09:57:37","date_gmt":"2024-02-19T14:57:37","guid":{"rendered":"https:\/\/newsqr.com.mx\/?p=21783"},"modified":"2024-02-19T14:57:38","modified_gmt":"2024-02-19T14:57:38","slug":"no-se-cuantas-temporadas-me-quedan-pero-se-que-no-son-muchas-lebron-james","status":"publish","type":"post","link":"https:\/\/newsqr.com.mx\/?p=21783","title":{"rendered":"\u00abNo s\u00e9 cu\u00e1ntas temporadas me quedan, pero s\u00e9 que no son muchas\u00bb: Lebron James"},"content":{"rendered":"<p>INDIAN\u00c1POLIS &#8212; LeBron James, que se encuentra en Indian\u00e1polis para el vig\u00e9simo All-Star de su carrera, asegur\u00f3 este domingo que no sabe cu\u00e1ntas temporadas le quedan, pero s\u00ed sabe \u00abque no son muchas\u00bb y sugiri\u00f3 que le gustar\u00eda cerrar su trayectoria en la NBA con la camiseta de Los \u00c1ngeles Lakers.<\/p>\n<p>\u00abNo tengo pensado cu\u00e1ntas temporadas me quedan, s\u00e9 que no son muchas\u00bb, afirm\u00f3 LeBron en una rueda de prensa organizada en la Gainbdridge Fieldhouse de Indian\u00e1polis en los proleg\u00f3menos del All-Star Game 2024.<\/p>\n<p>LeBron, de 39 a\u00f1os, admiti\u00f3 adem\u00e1s que tampoco tiene claro si le gustar\u00eda tener una gira de despedida para recibir el cari\u00f1o de cada ciudad estadounidense, o si preferir\u00eda poner el punto final a su legendaria carrera qued\u00e1ndose un poco m\u00e1s lejos de los focos.<\/p>\n<p>\u00abEstoy en 50-50. Voy a ser honesto, porque hay veces en las que siento que lo debo a mis seguidores que me han apoyado en este viaje durante veinte a\u00f1os y m\u00e1s, que debo darles ese momento en el que cada ciudad te da flores o lo que sea. Eso parece bonito\u00bb, razon\u00f3.<\/p>\n<p>\u00abPero por otro lado nunca he sido muy bueno en recibir cumplidos. Es algo raro para m\u00ed. Nunca habl\u00e9 mucho de eso, es una sensaci\u00f3n rara. As\u00ed que ir a cada ciudad, no s\u00e9. He visto a Mike (Jordan), He visto a Kobe (Bryant). He visto a muchos chicos hacerlo. No s\u00e9 c\u00f3mo me sentir\u00eda, no s\u00e9 si me encantar\u00eda\u00bb, prosigui\u00f3.<\/p>\n<p>Eso s\u00ed, no cerr\u00f3 la puerta a una retirada en Los \u00c1ngeles, con unos Lakers en los que conquist\u00f3 el cuarto anillo de su carrera.<\/p>\n<p>\u00abNo s\u00e9, soy un Laker, estoy muy feliz y he estado muy feliz siendo un Laker en los \u00faltimos seis a\u00f1os, espero que siga de esta manera. No tengo la respuesta sobre cu\u00e1nto durar\u00e1 y con qu\u00e9 camiseta. Espero que sea con los Lakers. Es una gran franquicia y ha tenido a muchos grandes. No s\u00e9 c\u00f3mo terminar\u00e1, pero est\u00e1 llegando el final, est\u00e1 llegando sin duda\u00bb, asegur\u00f3.<\/p>\n<p>LeBron se refiri\u00f3 adem\u00e1s a su deseo de sumarse a la selecci\u00f3n estadounidense en los pr\u00f3ximos Juegos de Par\u00eds.<\/p>\n<p>\u00abMe dije al principio de la temporada, cuando me compromet\u00ed a disputar los Juegos, que eso depend\u00eda de mi salud. De momento estoy sano, estoy bien como para estar en el equipo y para rendir al nivel al que puedo rendir. Todav\u00eda queda tiempo, queda un tercio de temporada. No s\u00e9 qu\u00e9 pasar\u00e1 en la postemporada\u00bb, afirm\u00f3.<\/p>\n<p>Destac\u00f3 que participar en los Juegos conlleva agregar \u00abkil\u00f3metros a estos neum\u00e1ticos\u00bb, al referirse a sus piernas, aunque consider\u00f3 un alivio el no tener que ser el principal l\u00edder del equipo.<\/p>\n<p>\u00abNo s\u00e9 c\u00f3mo ser\u00e1 el equipo al final, pero s\u00e9 que no tengo la presi\u00f3n de tener que echarme al equipo a la espalda. Va a ser una plantilla de doce jugadores capaces de hacerlo bien tanto en defensa como en ataque cada d\u00eda y contra cualquier equipo\u00bb, asegur\u00f3.<\/p>\n<p>En la rueda de prensa, James manifest\u00f3 adem\u00e1s su orgullo por disputar su vig\u00e9simo All Star de la NBA, todo un r\u00e9cord en la liga estadounidense.<\/p>\n","protected":false},"excerpt":{"rendered":"<p>INDIAN\u00c1POLIS &#8212; LeBron James, que se encuentra en Indian\u00e1polis para el vig\u00e9simo All-Star de su&#8230;<\/p>\n","protected":false},"author":1,"featured_media":21785,"comment_status":"open","ping_status":"closed","sticky":false,"template":"","format":"standard","meta":{"footnotes":""},"categories":[5],"tags":[],"class_list":["post-21783","post","type-post","status-publish","format-standard","has-post-thumbnail","hentry","category-deportes"],"_links":{"self":[{"href":"https:\/\/newsqr.com.mx\/index.php?rest_route=\/wp\/v2\/posts\/21783","targetHints":{"allow":["GET"]}}],"collection":[{"href":"https:\/\/newsqr.com.mx\/index.php?rest_route=\/wp\/v2\/posts"}],"about":[{"href":"https:\/\/newsqr.com.mx\/index.php?rest_route=\/wp\/v2\/types\/post"}],"author":[{"embeddable":true,"href":"https:\/\/newsqr.com.mx\/index.php?rest_route=\/wp\/v2\/users\/1"}],"replies":[{"embeddable":true,"href":"https:\/\/newsqr.com.mx\/index.php?rest_route=%2Fwp%2Fv2%2Fcomments&post=21783"}],"version-history":[{"count":1,"href":"https:\/\/newsqr.com.mx\/index.php?rest_route=\/wp\/v2\/posts\/21783\/revisions"}],"predecessor-version":[{"id":21784,"href":"https:\/\/newsqr.com.mx\/index.php?rest_route=\/wp\/v2\/posts\/21783\/revisions\/21784"}],"wp:featuredmedia":[{"embeddable":true,"href":"https:\/\/newsqr.com.mx\/index.php?rest_route=\/wp\/v2\/media\/21785"}],"wp:attachment":[{"href":"https:\/\/newsqr.com.mx\/index.php?rest_route=%2Fwp%2Fv2%2Fmedia&parent=21783"}],"wp:term":[{"taxonomy":"category","embeddable":true,"href":"https:\/\/newsqr.com.mx\/index.php?rest_route=%2Fwp%2Fv2%2Fcategories&post=21783"},{"taxonomy":"post_tag","embeddable":true,"href":"https:\/\/newsqr.com.mx\/index.php?rest_route=%2Fwp%2Fv2%2Ftags&post=21783"}],"curies":[{"name":"wp","href":"https:\/\/api.w.org\/{rel}","templated":true}]}}