{"id":21792,"date":"2024-02-19T12:09:49","date_gmt":"2024-02-19T17:09:49","guid":{"rendered":"https:\/\/newsqr.com.mx\/?p=21792"},"modified":"2024-02-19T17:09:50","modified_gmt":"2024-02-19T17:09:50","slug":"cierran-la-torre-eiffel-por-huelga-de-trabajadores","status":"publish","type":"post","link":"https:\/\/newsqr.com.mx\/?p=21792","title":{"rendered":"Cierran la torre Eiffel por huelga de trabajadores"},"content":{"rendered":"<p>La torre Eiffel, el monumento m\u00e1s popular de Par\u00eds, se encuentra cerrada al p\u00fablico este lunes por una huelga de los trabajadores de la empresa concesionaria que podr\u00eda prolongarse en los pr\u00f3ximos d\u00edas.<\/p>\n<p>En un breve mensaje en su p\u00e1gina web, la Sociedad de Explotaci\u00f3n de la Torre Eiffel (SETE) indica que \u201ca causa de una convocatoria de huelga de una parte del personal\u201d, su apertura se va a ver \u201cperturbada\u201d.<\/p>\n<p>La SETE aconseja a los visitantes que consulten su sitio internet antes de acudir y tambi\u00e9n que aplacen la visita.<\/p>\n<p>Los sindicatos convocantes de la protesta, la Confederaci\u00f3n General del Trabajo (CGT) y la Fuerza Obrera (FO), exigen una mejor gesti\u00f3n financiera del monumento por el Ayuntamiento de Par\u00eds, que es propietario del 99 por ciento del capital de la SETE. Esa misma raz\u00f3n hab\u00eda motivado un paro el pasado 27 de diciembre.<\/p>\n<p>Las centrales consideran que el presupuesto para obras es insuficiente, teniendo en cuenta las necesidades para pintarla peri\u00f3dicamente, y al mismo tiempo que la estimaci\u00f3n de los ingresos previstos es exagerada, ya que se basa en una hip\u00f3tesis de 7.4 millones de visitas anuales, que no se ha conseguido nunca.<\/p>\n<p>Un responsable sindical se ha quejado, en declaraciones a la emisora France Info, de que el Ayuntamiento aumente el canon que recibe de la SETE de 16 millones de euros a 50 millones anuales, cuando la concesionaria sali\u00f3 de la crisis del covid con una deuda de un centenar de millones de euros por el baj\u00f3n de turistas.<\/p>\n<p>Esta ma\u00f1ana se celebra una asamblea general en la que se espera una decisi\u00f3n sobre la continuaci\u00f3n o no de la protesta.<\/p>\n","protected":false},"excerpt":{"rendered":"<p>La torre Eiffel, el monumento m\u00e1s popular de Par\u00eds, se encuentra cerrada al p\u00fablico este&#8230;<\/p>\n","protected":false},"author":1,"featured_media":21794,"comment_status":"open","ping_status":"closed","sticky":false,"template":"","format":"standard","meta":{"footnotes":""},"categories":[6],"tags":[],"class_list":["post-21792","post","type-post","status-publish","format-standard","has-post-thumbnail","hentry","category-internacional"],"_links":{"self":[{"href":"https:\/\/newsqr.com.mx\/index.php?rest_route=\/wp\/v2\/posts\/21792","targetHints":{"allow":["GET"]}}],"collection":[{"href":"https:\/\/newsqr.com.mx\/index.php?rest_route=\/wp\/v2\/posts"}],"about":[{"href":"https:\/\/newsqr.com.mx\/index.php?rest_route=\/wp\/v2\/types\/post"}],"author":[{"embeddable":true,"href":"https:\/\/newsqr.com.mx\/index.php?rest_route=\/wp\/v2\/users\/1"}],"replies":[{"embeddable":true,"href":"https:\/\/newsqr.com.mx\/index.php?rest_route=%2Fwp%2Fv2%2Fcomments&post=21792"}],"version-history":[{"count":1,"href":"https:\/\/newsqr.com.mx\/index.php?rest_route=\/wp\/v2\/posts\/21792\/revisions"}],"predecessor-version":[{"id":21793,"href":"https:\/\/newsqr.com.mx\/index.php?rest_route=\/wp\/v2\/posts\/21792\/revisions\/21793"}],"wp:featuredmedia":[{"embeddable":true,"href":"https:\/\/newsqr.com.mx\/index.php?rest_route=\/wp\/v2\/media\/21794"}],"wp:attachment":[{"href":"https:\/\/newsqr.com.mx\/index.php?rest_route=%2Fwp%2Fv2%2Fmedia&parent=21792"}],"wp:term":[{"taxonomy":"category","embeddable":true,"href":"https:\/\/newsqr.com.mx\/index.php?rest_route=%2Fwp%2Fv2%2Fcategories&post=21792"},{"taxonomy":"post_tag","embeddable":true,"href":"https:\/\/newsqr.com.mx\/index.php?rest_route=%2Fwp%2Fv2%2Ftags&post=21792"}],"curies":[{"name":"wp","href":"https:\/\/api.w.org\/{rel}","templated":true}]}}