{"id":21801,"date":"2024-02-20T10:17:24","date_gmt":"2024-02-20T15:17:24","guid":{"rendered":"https:\/\/newsqr.com.mx\/?p=21801"},"modified":"2024-02-20T15:17:25","modified_gmt":"2024-02-20T15:17:25","slug":"mas-de-3-mil-efectivos-de-la-gn-brindan-seguridad-en-carreteras-de-10-estados-sedena","status":"publish","type":"post","link":"https:\/\/newsqr.com.mx\/?p=21801","title":{"rendered":"M\u00e1s de 3 mil efectivos de la GN brindan seguridad en carreteras de 10 estados: Sedena"},"content":{"rendered":"<p>Este martes 20 de febrero, el titular de la Secretar\u00eda de la Defensa Nacional (Sedena), general Luis Cresencio Sandoval, present\u00f3 un informe en materia de seguridad, particularmente sobre las acciones que se han tomado en cuanto al libre tr\u00e1nsito en las carreteras del pa\u00eds.<\/p>\n<p>En este sentido, el titular de la Sedena, detall\u00f3 que se han reforzado acciones de seguridad por parte de la Guardia Nacional (GN) para vigilar las carreteras del pa\u00eds, con el despliegue de 3 mil 602 efectivos y mil 917 patrullas.<\/p>\n<p>Adem\u00e1s se dio a conocer que dichos integrantes est\u00e1n desplegados estrat\u00e9gicamente en carreteras de 10 estados de todo el territorio nacional, principalmente donde se ubican los mayores casos de actos delictivos hacia la poblaci\u00f3n, de forma particular a transportistas que circulan por esas v\u00edas de comunicaci\u00f3n.<\/p>\n<p>De acuerdo a la informaci\u00f3n dada a conocer por Luis Cresencio Sandoval, se reforz\u00f3 la presencia de la Guardia Nacional en 4 tramos carreteros, donde los estados involucrados son: Oaxaca, Veracruz, Estado de M\u00e9xico (Edomex), Quer\u00e9taro y Puebla.<\/p>\n<p>De tal forma los tramos que se reforzaron son: Nochixtl\u00e1n-Cuacnopalan, en Oaxaca; el tramo Amozoc, en Puebla-Cofre de Perote, en Veracruz; as\u00ed como carreteras en el Estado de M\u00e9xico y el Arco Norte.<\/p>\n<p>Por \u00faltimo, el titular de la Sedena explic\u00f3 que se desplegaron tambi\u00e9n 3 c\u00e9lulas de inteligencia en los estados de Quer\u00e9taro, Puebla y Edomex.<\/p>\n","protected":false},"excerpt":{"rendered":"<p>Este martes 20 de febrero, el titular de la Secretar\u00eda de la Defensa Nacional (Sedena),&#8230;<\/p>\n","protected":false},"author":1,"featured_media":21803,"comment_status":"open","ping_status":"closed","sticky":false,"template":"","format":"standard","meta":{"footnotes":""},"categories":[2],"tags":[],"class_list":["post-21801","post","type-post","status-publish","format-standard","has-post-thumbnail","hentry","category-nacional"],"_links":{"self":[{"href":"https:\/\/newsqr.com.mx\/index.php?rest_route=\/wp\/v2\/posts\/21801","targetHints":{"allow":["GET"]}}],"collection":[{"href":"https:\/\/newsqr.com.mx\/index.php?rest_route=\/wp\/v2\/posts"}],"about":[{"href":"https:\/\/newsqr.com.mx\/index.php?rest_route=\/wp\/v2\/types\/post"}],"author":[{"embeddable":true,"href":"https:\/\/newsqr.com.mx\/index.php?rest_route=\/wp\/v2\/users\/1"}],"replies":[{"embeddable":true,"href":"https:\/\/newsqr.com.mx\/index.php?rest_route=%2Fwp%2Fv2%2Fcomments&post=21801"}],"version-history":[{"count":1,"href":"https:\/\/newsqr.com.mx\/index.php?rest_route=\/wp\/v2\/posts\/21801\/revisions"}],"predecessor-version":[{"id":21802,"href":"https:\/\/newsqr.com.mx\/index.php?rest_route=\/wp\/v2\/posts\/21801\/revisions\/21802"}],"wp:featuredmedia":[{"embeddable":true,"href":"https:\/\/newsqr.com.mx\/index.php?rest_route=\/wp\/v2\/media\/21803"}],"wp:attachment":[{"href":"https:\/\/newsqr.com.mx\/index.php?rest_route=%2Fwp%2Fv2%2Fmedia&parent=21801"}],"wp:term":[{"taxonomy":"category","embeddable":true,"href":"https:\/\/newsqr.com.mx\/index.php?rest_route=%2Fwp%2Fv2%2Fcategories&post=21801"},{"taxonomy":"post_tag","embeddable":true,"href":"https:\/\/newsqr.com.mx\/index.php?rest_route=%2Fwp%2Fv2%2Ftags&post=21801"}],"curies":[{"name":"wp","href":"https:\/\/api.w.org\/{rel}","templated":true}]}}