{"id":21813,"date":"2024-02-21T10:16:52","date_gmt":"2024-02-21T15:16:52","guid":{"rendered":"https:\/\/newsqr.com.mx\/?p=21813"},"modified":"2024-02-21T15:16:53","modified_gmt":"2024-02-21T15:16:53","slug":"thomas-tuchel-dejara-al-bayern-munich-inicia-la-reestructura","status":"publish","type":"post","link":"https:\/\/newsqr.com.mx\/?p=21813","title":{"rendered":"Thomas Tuchel dejar\u00e1 al Bayern M\u00fanich; inicia la reestructura"},"content":{"rendered":"<p>Tomas Tuchel dejar\u00e1 el cargo de t\u00e9cnico del Bayern M\u00fanich al finalizar la presente temporada, anunci\u00f3 el club b\u00e1varo, inmerso en una profunda crisis por la falta de resultados, sobre todo en la Bundesliga.<\/p>\n<p>Llegado al banquillo del Bayern a finales de marzo de 2023 para sustituir a Julian Negelsmann, Tuchel ten\u00eda contrato hasta junio de 2025, aunque ambas partes decidieron en una \u00abreuni\u00f3n amistosa\u00bb poner fin al acuerdo un a\u00f1o antes de lo previsto.<\/p>\n<p>\u00abEl FC Bayern M\u00fanich y el entrenador Thomas Tuchel han decidido de mutuo acuerdo poner fin a su vinculaci\u00f3n, que en principio finalizaba el 30 de junio de 2025, el 30 de junio de 2024. Este es el acuerdo alcanzado fruto de una reuni\u00f3n amistosa entre el director general Jan-Christian Dreesen y Thomas Tuchel\u00bb, escribi\u00f3 el club.<\/p>\n<p>El dirigente explic\u00f3 que la decisi\u00f3n se debe a la voluntad de la entidad de \u00abreestructurar\u00bb el plantel \u00abcon un nuevo entrenador para la temporada 2024-2025\u00bb.<\/p>\n<p>Hasta entonces, a Tuchel le quedan en el Bayern entre 13 y 18 partidos, en funci\u00f3n de su recorrido en la Liga de Campeones, donde perdi\u00f3 en Roma contra la Lazio por 1-0 en la ida de los octavos de final.<\/p>\n<p>En la Bundesliga, a falta de 12 jornadas para el final, el Bayern tiene muy complicado revalidar su t\u00edtulo al estar a ocho puntos del l\u00edder, el Bayer Leverkusen.<\/p>\n<p>Y en la copa alemana, el gigante b\u00e1varo ya qued\u00f3 eliminado, por lo que el club podr\u00eda acabar su primera temporada en blanco por primera vez desde 2011.<\/p>\n<p>Dreesen responsabiliz\u00f3 \u00abexpl\u00edcitamente al equipo\u00bb para pelear por \u00abalcanzar los m\u00e1ximos objetivos posibles\u00bb tanto en la Champions como en la Bundesliga.<\/p>\n<p>Tuchel se comprometi\u00f3 a hacer hasta final de temporada \u00abtodo lo posible por alcanzar el m\u00e1ximo \u00e9xito\u00bb.<\/p>\n","protected":false},"excerpt":{"rendered":"<p>Tomas Tuchel dejar\u00e1 el cargo de t\u00e9cnico del Bayern M\u00fanich al finalizar la presente temporada,&#8230;<\/p>\n","protected":false},"author":1,"featured_media":21815,"comment_status":"open","ping_status":"closed","sticky":false,"template":"","format":"standard","meta":{"footnotes":""},"categories":[5],"tags":[],"class_list":["post-21813","post","type-post","status-publish","format-standard","has-post-thumbnail","hentry","category-deportes"],"_links":{"self":[{"href":"https:\/\/newsqr.com.mx\/index.php?rest_route=\/wp\/v2\/posts\/21813","targetHints":{"allow":["GET"]}}],"collection":[{"href":"https:\/\/newsqr.com.mx\/index.php?rest_route=\/wp\/v2\/posts"}],"about":[{"href":"https:\/\/newsqr.com.mx\/index.php?rest_route=\/wp\/v2\/types\/post"}],"author":[{"embeddable":true,"href":"https:\/\/newsqr.com.mx\/index.php?rest_route=\/wp\/v2\/users\/1"}],"replies":[{"embeddable":true,"href":"https:\/\/newsqr.com.mx\/index.php?rest_route=%2Fwp%2Fv2%2Fcomments&post=21813"}],"version-history":[{"count":1,"href":"https:\/\/newsqr.com.mx\/index.php?rest_route=\/wp\/v2\/posts\/21813\/revisions"}],"predecessor-version":[{"id":21814,"href":"https:\/\/newsqr.com.mx\/index.php?rest_route=\/wp\/v2\/posts\/21813\/revisions\/21814"}],"wp:featuredmedia":[{"embeddable":true,"href":"https:\/\/newsqr.com.mx\/index.php?rest_route=\/wp\/v2\/media\/21815"}],"wp:attachment":[{"href":"https:\/\/newsqr.com.mx\/index.php?rest_route=%2Fwp%2Fv2%2Fmedia&parent=21813"}],"wp:term":[{"taxonomy":"category","embeddable":true,"href":"https:\/\/newsqr.com.mx\/index.php?rest_route=%2Fwp%2Fv2%2Fcategories&post=21813"},{"taxonomy":"post_tag","embeddable":true,"href":"https:\/\/newsqr.com.mx\/index.php?rest_route=%2Fwp%2Fv2%2Ftags&post=21813"}],"curies":[{"name":"wp","href":"https:\/\/api.w.org\/{rel}","templated":true}]}}