{"id":21885,"date":"2024-02-27T09:54:51","date_gmt":"2024-02-27T14:54:51","guid":{"rendered":"https:\/\/newsqr.com.mx\/?p=21885"},"modified":"2024-02-27T14:54:52","modified_gmt":"2024-02-27T14:54:52","slug":"alejandro-valenzuela-es-el-presidente-de-banco-azteca","status":"publish","type":"post","link":"https:\/\/newsqr.com.mx\/?p=21885","title":{"rendered":"Alejandro Valenzuela es el presidente de Banco Azteca"},"content":{"rendered":"<p>Grupo Elektra inform\u00f3 que, tras una larga y exitosa carrera por m\u00e1s de 40 a\u00f1os en el sector financiero mexicano, de los cuales 20 de ellos, fueron en Banco Azteca, se acept\u00f3 la renuncia por motivos personales del licenciado Luis Alberto Ni\u00f1o de Rivera Lajous como presidente y miembro del Consejo de Administraci\u00f3n de Banco Azteca.<\/p>\n<p>En un comunicado, expres\u00f3 que el se\u00f1or Ni\u00f1o de Rivera Lajous seguir\u00e1 aprovechando su gran y probada experiencia como asesor y consejero externo.<\/p>\n<p>La empresa destac\u00f3 que, tras lo anterior, la Presidencia del Consejo de Administraci\u00f3n de Banco Azteca ser\u00e1 ocupada por el licenciado Alejandro Valenzuela del R\u00edo, quien cuenta con m\u00e1s de 30 a\u00f1os de experiencia directiva en el sector financiero en M\u00e9xico, tanto en instituciones financieras privadas como en el sector p\u00fablico en organismos como el Banco de M\u00e9xico y la Secretar\u00eda de Hacienda y Cr\u00e9dito P\u00fablico.<\/p>\n<p>Asimismo, Grupo Elektra manifest\u00f3 que se acept\u00f3 la renuncia del licenciado Alejandro Valenzuela del R\u00edo como director general de Banco Azteca, cuyo lugar ser\u00e1 ocupado por el licenciado Francisco Tonatiuh Rodr\u00edguez G\u00f3mez, quien cuenta con una trayectoria directiva de m\u00e1s de 20 a\u00f1os en los segmentos de servicios financieros, habiendo colaborado en instituciones como Afore XXI, y quien ha sido un eje fundamental en la consolidaci\u00f3n y crecimiento de sus \u00e1reas de Captaci\u00f3n, Seguros y Afores.<\/p>\n<p>Estamos seguros de que, con esta reorganizaci\u00f3n y visi\u00f3n de liderazgo, nos consolidaremos como la mejor opci\u00f3n de servicios financieros para nuestros clientes, impulsando a\u00fan m\u00e1s nuestros resultados y potenciando las oportunidades de crecimiento y prosperidad incluyente al alcance de todos\u201d, afirm\u00f3 Grupo Elektra.<\/p>\n","protected":false},"excerpt":{"rendered":"<p>Grupo Elektra inform\u00f3 que, tras una larga y exitosa carrera por m\u00e1s de 40 a\u00f1os&#8230;<\/p>\n","protected":false},"author":1,"featured_media":21887,"comment_status":"open","ping_status":"closed","sticky":false,"template":"","format":"standard","meta":{"footnotes":""},"categories":[2],"tags":[],"class_list":["post-21885","post","type-post","status-publish","format-standard","has-post-thumbnail","hentry","category-nacional"],"_links":{"self":[{"href":"https:\/\/newsqr.com.mx\/index.php?rest_route=\/wp\/v2\/posts\/21885","targetHints":{"allow":["GET"]}}],"collection":[{"href":"https:\/\/newsqr.com.mx\/index.php?rest_route=\/wp\/v2\/posts"}],"about":[{"href":"https:\/\/newsqr.com.mx\/index.php?rest_route=\/wp\/v2\/types\/post"}],"author":[{"embeddable":true,"href":"https:\/\/newsqr.com.mx\/index.php?rest_route=\/wp\/v2\/users\/1"}],"replies":[{"embeddable":true,"href":"https:\/\/newsqr.com.mx\/index.php?rest_route=%2Fwp%2Fv2%2Fcomments&post=21885"}],"version-history":[{"count":1,"href":"https:\/\/newsqr.com.mx\/index.php?rest_route=\/wp\/v2\/posts\/21885\/revisions"}],"predecessor-version":[{"id":21886,"href":"https:\/\/newsqr.com.mx\/index.php?rest_route=\/wp\/v2\/posts\/21885\/revisions\/21886"}],"wp:featuredmedia":[{"embeddable":true,"href":"https:\/\/newsqr.com.mx\/index.php?rest_route=\/wp\/v2\/media\/21887"}],"wp:attachment":[{"href":"https:\/\/newsqr.com.mx\/index.php?rest_route=%2Fwp%2Fv2%2Fmedia&parent=21885"}],"wp:term":[{"taxonomy":"category","embeddable":true,"href":"https:\/\/newsqr.com.mx\/index.php?rest_route=%2Fwp%2Fv2%2Fcategories&post=21885"},{"taxonomy":"post_tag","embeddable":true,"href":"https:\/\/newsqr.com.mx\/index.php?rest_route=%2Fwp%2Fv2%2Ftags&post=21885"}],"curies":[{"name":"wp","href":"https:\/\/api.w.org\/{rel}","templated":true}]}}