{"id":21906,"date":"2024-02-28T12:14:23","date_gmt":"2024-02-28T17:14:23","guid":{"rendered":"https:\/\/newsqr.com.mx\/?p=21906"},"modified":"2024-02-28T17:14:25","modified_gmt":"2024-02-28T17:14:25","slug":"blinken-pide-a-cancilleres-de-mexico-y-guatemala-redoblar-coordinacion-en-materia-migratoria","status":"publish","type":"post","link":"https:\/\/newsqr.com.mx\/?p=21906","title":{"rendered":"Blinken pide a cancilleres de M\u00e9xico y Guatemala redoblar coordinaci\u00f3n en materia migratoria"},"content":{"rendered":"<p>Washington.- El secretario de Estado de Estados Unidos, Antony Blinken, pidi\u00f3 a los cancilleres de M\u00e9xico, Alicia B\u00e1rcena, y de Guatemala, Carlos Ramiro, redoblar la coordinaci\u00f3n entre los tres pa\u00edses en materia migratoria ante los elevados flujos de personas que llegan a territorio estadounidense.<\/p>\n<p>\u00abEstamos aqu\u00ed para redoblar la colaboraci\u00f3n que tenemos para lidiar con los flujos migratorios. Estamos viviendo un momento hist\u00f3rico porque hay m\u00e1s desplazamientos de personas que en cualquier otro momento de nuestra historia\u00bb, dijo al iniciar una reuni\u00f3n trilateral en la sede del Departamento de Estado, en Washington.<\/p>\n<p>Es la primera vez que el Gobierno guatemalteco se suma a este tipo de conversaciones desde que el pasado enero asumi\u00f3 el poder el nuevo presidente del pa\u00eds centroamericano, Bernardo Ar\u00e9valo de Le\u00f3n.<\/p>\n<p>La migraci\u00f3n es adem\u00e1s uno de los temas m\u00e1s importantes en la campa\u00f1a para las elecciones presidenciales estadounidenses del pr\u00f3ximo noviembre, en las que el actual mandatario, Joe Biden, buscar\u00e1 su reelecci\u00f3n.<\/p>\n<p>Al iniciar el encuentro, Blinken dijo que la cooperaci\u00f3n con M\u00e9xico \u00abnunca hab\u00eda sido tan fuerte\u00bb y dese\u00f3 al pa\u00eds \u00abmucho \u00e9xito\u00bb de cara a las elecciones presidenciales que celebrar\u00e1 en junio.<\/p>\n<p>Sobre Guatemala, asegur\u00f3 que \u00abadmira\u00bb el trabajo de su nuevo Gobierno y se declar\u00f3 \u00abcomplacido\u00bb de que Ar\u00e9valo de Le\u00f3n pudiera asumir la Presidencia pese a las dificultades del proceso de transici\u00f3n.<\/p>\n<p>El secretario de Estado defendi\u00f3 la necesidad de asegurar que la migraci\u00f3n sea \u00absegura, ordenada y humana\u00bb, al tiempo que se debe atender las \u00abcausas de ra\u00edz\u00bb que llevan a millones de personas a abandonar sus pa\u00edses.<\/p>\n<p>Por su parte, la canciller mexicana expres\u00f3 su \u00abirrestricto apoyo\u00bb al nuevo Gobierno de Ar\u00e9valo de Le\u00f3n y celebr\u00f3 que su incorporaci\u00f3n en estas conversaciones migratorias permitir\u00e1 dotar al asunto de \u00abuna mirada regional\u00bb que ser\u00e1 de \u00abgran trascendencia\u00bb.<\/p>\n<p>B\u00e1rcena subray\u00f3 que M\u00e9xico ve a los migrantes \u00abcomo personas en movilidad laboral\u00bb a las que hay que dar oportunidades e insisti\u00f3 en la necesidad de impulsar el desarrollo econ\u00f3mico de la regi\u00f3n para que la migraci\u00f3n pase de ser \u00abuna condici\u00f3n impuesta a una opci\u00f3n\u00bb.<\/p>\n","protected":false},"excerpt":{"rendered":"<p>Washington.- El secretario de Estado de Estados Unidos, Antony Blinken, pidi\u00f3 a los cancilleres de&#8230;<\/p>\n","protected":false},"author":1,"featured_media":21908,"comment_status":"open","ping_status":"closed","sticky":false,"template":"","format":"standard","meta":{"footnotes":""},"categories":[6],"tags":[],"class_list":["post-21906","post","type-post","status-publish","format-standard","has-post-thumbnail","hentry","category-internacional"],"_links":{"self":[{"href":"https:\/\/newsqr.com.mx\/index.php?rest_route=\/wp\/v2\/posts\/21906","targetHints":{"allow":["GET"]}}],"collection":[{"href":"https:\/\/newsqr.com.mx\/index.php?rest_route=\/wp\/v2\/posts"}],"about":[{"href":"https:\/\/newsqr.com.mx\/index.php?rest_route=\/wp\/v2\/types\/post"}],"author":[{"embeddable":true,"href":"https:\/\/newsqr.com.mx\/index.php?rest_route=\/wp\/v2\/users\/1"}],"replies":[{"embeddable":true,"href":"https:\/\/newsqr.com.mx\/index.php?rest_route=%2Fwp%2Fv2%2Fcomments&post=21906"}],"version-history":[{"count":1,"href":"https:\/\/newsqr.com.mx\/index.php?rest_route=\/wp\/v2\/posts\/21906\/revisions"}],"predecessor-version":[{"id":21907,"href":"https:\/\/newsqr.com.mx\/index.php?rest_route=\/wp\/v2\/posts\/21906\/revisions\/21907"}],"wp:featuredmedia":[{"embeddable":true,"href":"https:\/\/newsqr.com.mx\/index.php?rest_route=\/wp\/v2\/media\/21908"}],"wp:attachment":[{"href":"https:\/\/newsqr.com.mx\/index.php?rest_route=%2Fwp%2Fv2%2Fmedia&parent=21906"}],"wp:term":[{"taxonomy":"category","embeddable":true,"href":"https:\/\/newsqr.com.mx\/index.php?rest_route=%2Fwp%2Fv2%2Fcategories&post=21906"},{"taxonomy":"post_tag","embeddable":true,"href":"https:\/\/newsqr.com.mx\/index.php?rest_route=%2Fwp%2Fv2%2Ftags&post=21906"}],"curies":[{"name":"wp","href":"https:\/\/api.w.org\/{rel}","templated":true}]}}