{"id":21936,"date":"2024-03-03T12:50:29","date_gmt":"2024-03-03T17:50:29","guid":{"rendered":"https:\/\/newsqr.com.mx\/?p=21936"},"modified":"2024-03-03T17:50:31","modified_gmt":"2024-03-03T17:50:31","slug":"verstappen-pide-la-salida-de-christian-horner-de-red-bull-podria-destrozar-al-equipo","status":"publish","type":"post","link":"https:\/\/newsqr.com.mx\/?p=21936","title":{"rendered":"Verstappen pide la salida de Christian Horner de Red Bull: \u00abPodr\u00eda destrozar al equipo\u00bb"},"content":{"rendered":"<p>El primer Gran Premio de la temporada 2024 en la F\u00f3rmula 1 lleg\u00f3 a su fin con el 1-2 de Red Bull en el circuito internacional de Bar\u00e9in, pero, aunque todo tendr\u00eda que ser felicidad, en el paddock de la escuder\u00eda bicampeona del mundo no todo es tranquilidad.<\/p>\n<p>Este s\u00e1bado, despu\u00e9s del Gran Premio de Bar\u00e9in, el padre de Max Verstappen, Jos Verstappen, habl\u00f3 en exclusiva para el Daily Mirror ingl\u00e9s y sorprendi\u00f3 a todos luego de pedir p\u00fablicamente la salida de Christian Horner, asegurando que su permanencia le podr\u00eda hacer da\u00f1o a la escuder\u00eda austriaca.<\/p>\n<p>\u00abEl equipo corre el riesgo de desintegrarse. No puede seguir as\u00ed. Explotar\u00e1. Se hace la v\u00edctima, cuando es \u00e9l quien causa los problemas\u00bb, adem\u00e1s de esto, el pap\u00e1 del Tricampe\u00f3n del mundo tambi\u00e9n alab\u00f3 las cualidades el jefe de Red Bull.<\/p>\n<p>\u00abEscucha, cuando miro c\u00f3mo Christian opera dentro del equipo, ha sido un jefe de equipo incre\u00edble. As\u00ed que absolutamente, desde el punto de vista del rendimiento, ni siquiera puedes cuestionarlo. De eso tambi\u00e9n me ocupo yo. Hablo mucho con Christian. Y tambi\u00e9n, por supuesto, durante todo el fin de semana aqu\u00ed, \u00e9l est\u00e1 totalmente comprometido con el equipo\u00bb, finaliz\u00f3.<\/p>\n<p>Red Bull gan\u00f3 el primer Gran Premio despu\u00e9s de que Christian Horner fuera absuelto de las acusaciones por abuso de las que fue acusado antes del arranque de la temporada 2024.<\/p>\n","protected":false},"excerpt":{"rendered":"<p>El primer Gran Premio de la temporada 2024 en la F\u00f3rmula 1 lleg\u00f3 a su&#8230;<\/p>\n","protected":false},"author":1,"featured_media":21938,"comment_status":"open","ping_status":"closed","sticky":false,"template":"","format":"standard","meta":{"footnotes":""},"categories":[5],"tags":[],"class_list":["post-21936","post","type-post","status-publish","format-standard","has-post-thumbnail","hentry","category-deportes"],"_links":{"self":[{"href":"https:\/\/newsqr.com.mx\/index.php?rest_route=\/wp\/v2\/posts\/21936","targetHints":{"allow":["GET"]}}],"collection":[{"href":"https:\/\/newsqr.com.mx\/index.php?rest_route=\/wp\/v2\/posts"}],"about":[{"href":"https:\/\/newsqr.com.mx\/index.php?rest_route=\/wp\/v2\/types\/post"}],"author":[{"embeddable":true,"href":"https:\/\/newsqr.com.mx\/index.php?rest_route=\/wp\/v2\/users\/1"}],"replies":[{"embeddable":true,"href":"https:\/\/newsqr.com.mx\/index.php?rest_route=%2Fwp%2Fv2%2Fcomments&post=21936"}],"version-history":[{"count":1,"href":"https:\/\/newsqr.com.mx\/index.php?rest_route=\/wp\/v2\/posts\/21936\/revisions"}],"predecessor-version":[{"id":21937,"href":"https:\/\/newsqr.com.mx\/index.php?rest_route=\/wp\/v2\/posts\/21936\/revisions\/21937"}],"wp:featuredmedia":[{"embeddable":true,"href":"https:\/\/newsqr.com.mx\/index.php?rest_route=\/wp\/v2\/media\/21938"}],"wp:attachment":[{"href":"https:\/\/newsqr.com.mx\/index.php?rest_route=%2Fwp%2Fv2%2Fmedia&parent=21936"}],"wp:term":[{"taxonomy":"category","embeddable":true,"href":"https:\/\/newsqr.com.mx\/index.php?rest_route=%2Fwp%2Fv2%2Fcategories&post=21936"},{"taxonomy":"post_tag","embeddable":true,"href":"https:\/\/newsqr.com.mx\/index.php?rest_route=%2Fwp%2Fv2%2Ftags&post=21936"}],"curies":[{"name":"wp","href":"https:\/\/api.w.org\/{rel}","templated":true}]}}