{"id":21948,"date":"2024-03-04T11:20:07","date_gmt":"2024-03-04T16:20:07","guid":{"rendered":"https:\/\/newsqr.com.mx\/?p=21948"},"modified":"2024-03-04T16:20:08","modified_gmt":"2024-03-04T16:20:08","slug":"hamilton-asegura-que-mercedes-esta-en-plena-reconstruccion-somos-muy-buenos-haciendo-eso","status":"publish","type":"post","link":"https:\/\/newsqr.com.mx\/?p=21948","title":{"rendered":"Hamilton asegura que Mercedes est\u00e1 en plena reconstrucci\u00f3n: \u00abSomos muy buenos haciendo eso\u00bb"},"content":{"rendered":"<p>El pasado s\u00e1bado se corri\u00f3 el Gran Premio de Bar\u00e9in, carrera donde Max Verstappen, Sergio P\u00e9rez y Carlos Sainz ocuparon el primer podio de la temporada de la M\u00e1xima Categor\u00eda del Automovilismo.<\/p>\n<p>Luego de que Mercedes terminara en las posiciones cinco y siete, George Russell y Lewis Hamilton, respectivamente, el siete veces campe\u00f3n del mundo, asegur\u00f3 que Mercedes est\u00e1 en plena reconstrucci\u00f3n y que el nuevo monoplaza de &#8216;Las Fechas Plateadas&#8217; es un punto de arranque para eso.<\/p>\n<p>\u00abLo que siento es que en los dos \u00faltimos a\u00f1os hemos tenido todos estos problemas. Y nos pasamos varias carreras deshaciendo todos esos problemas, como tratando de averiguar cu\u00e1les eran esos problemas, a diferencia de ahora que tenemos una plataforma a la que podemos empezar a a\u00f1adir cosas, a\u00f1adiendo ladrillos\u00bb, coment\u00f3 para Motosports.com.<\/p>\n<p>As\u00ed mismo, el piloto, siete veces campe\u00f3n del mundo, asegur\u00f3 que comienzan a hacer adecuaciones al nuevo monoplaza de Mercedes y todo apunta a ser una mejor temporada conforme vayan pasando las carreras.<\/p>\n<p>\u00abEstamos muy cerca de los McLaren. Pero, si me hubiera clasificado mejor, probablemente habr\u00eda acabado quinto f\u00e1cilmente, incluso con los problemas. As\u00ed que creo que, quitando eso, probablemente no habr\u00eda estado tan lejos de un Ferrari. Pero seguimos siendo los terceros m\u00e1s r\u00e1pidos\u00bb, finaliz\u00f3.<\/p>\n","protected":false},"excerpt":{"rendered":"<p>El pasado s\u00e1bado se corri\u00f3 el Gran Premio de Bar\u00e9in, carrera donde Max Verstappen, Sergio&#8230;<\/p>\n","protected":false},"author":1,"featured_media":21950,"comment_status":"open","ping_status":"closed","sticky":false,"template":"","format":"standard","meta":{"footnotes":""},"categories":[5],"tags":[],"class_list":["post-21948","post","type-post","status-publish","format-standard","has-post-thumbnail","hentry","category-deportes"],"_links":{"self":[{"href":"https:\/\/newsqr.com.mx\/index.php?rest_route=\/wp\/v2\/posts\/21948","targetHints":{"allow":["GET"]}}],"collection":[{"href":"https:\/\/newsqr.com.mx\/index.php?rest_route=\/wp\/v2\/posts"}],"about":[{"href":"https:\/\/newsqr.com.mx\/index.php?rest_route=\/wp\/v2\/types\/post"}],"author":[{"embeddable":true,"href":"https:\/\/newsqr.com.mx\/index.php?rest_route=\/wp\/v2\/users\/1"}],"replies":[{"embeddable":true,"href":"https:\/\/newsqr.com.mx\/index.php?rest_route=%2Fwp%2Fv2%2Fcomments&post=21948"}],"version-history":[{"count":1,"href":"https:\/\/newsqr.com.mx\/index.php?rest_route=\/wp\/v2\/posts\/21948\/revisions"}],"predecessor-version":[{"id":21949,"href":"https:\/\/newsqr.com.mx\/index.php?rest_route=\/wp\/v2\/posts\/21948\/revisions\/21949"}],"wp:featuredmedia":[{"embeddable":true,"href":"https:\/\/newsqr.com.mx\/index.php?rest_route=\/wp\/v2\/media\/21950"}],"wp:attachment":[{"href":"https:\/\/newsqr.com.mx\/index.php?rest_route=%2Fwp%2Fv2%2Fmedia&parent=21948"}],"wp:term":[{"taxonomy":"category","embeddable":true,"href":"https:\/\/newsqr.com.mx\/index.php?rest_route=%2Fwp%2Fv2%2Fcategories&post=21948"},{"taxonomy":"post_tag","embeddable":true,"href":"https:\/\/newsqr.com.mx\/index.php?rest_route=%2Fwp%2Fv2%2Ftags&post=21948"}],"curies":[{"name":"wp","href":"https:\/\/api.w.org\/{rel}","templated":true}]}}