{"id":21966,"date":"2024-03-05T09:51:28","date_gmt":"2024-03-05T14:51:28","guid":{"rendered":"https:\/\/newsqr.com.mx\/?p=21966"},"modified":"2024-03-05T14:51:29","modified_gmt":"2024-03-05T14:51:29","slug":"eugenio-derbez-y-el-elenco-de-la-familia-p-luche-dan-el-ultimo-adios-a-juan-verduzco-don-camerino","status":"publish","type":"post","link":"https:\/\/newsqr.com.mx\/?p=21966","title":{"rendered":"Eugenio Derbez y el elenco de \u00abLa Familia P. Luche\u00bb dan el \u00faltimo adi\u00f3s a Juan Verduzco, Don Camerino"},"content":{"rendered":"<p>El mundo del espect\u00e1culo y la ficticia Ciudad P. Luche se encuentran de luto, luego de que se diera a conocer la muerte de Juan Verduzco, actor reconocido por interpretar al magnate, Don Camerino, en la serie de Televisa, \u00abLa familia P. Luche\u00bb.<\/p>\n<p>La noticia fue publicada esta tarde a trav\u00e9s de las redes sociales de la Asociaci\u00f3n Nacional de Actores, quienes publicaron un sentido mensaje en solidaridad a la familia; sin embargo no se revelaron las causas del deceso.<\/p>\n<p>Fans, colegas y diferentes figuras del medio, como el productor Oscar Ort\u00edz de Pinedo, de inmediato se sumaron y despidieron a Verduzco con sentidos mensajes; pero los que destacaron fueron lo del elenco del exitoso programa.<\/p>\n<p>El primero en reaccionar fue Luis Manuel \u00c1vila, quien interpret\u00f3 a Junior. El actor comparti\u00f3 algunos de los recuerdos junto a Verduzco y se dijo triste de saber que ya no est\u00e1 entre nosotros: \u00abTriste noticia, enterarnos del fallecimiento del querido Juan Verduzco. Seguramente lo recordaremos con una gran sonrisa como nuestro Don Camerino\u00bb, escribi\u00f3.<\/p>\n<p>En un segundo mensaje, el tambi\u00e9n arista de doblaje, hizo un collage con algunas fotograf\u00edas de Verduzco para desearle un buen viaje, publicaci\u00f3n que reposte\u00f3 Consuelo Duval y a la que agreg\u00f3 la frase: \u00abDios lo tenga en su gloria\u00bb.<\/p>\n<p>La argentina, B\u00e1rbara Torres, quien diera vida a Excelsa, asegur\u00f3 que fue un honor haber podido compartir escena con el fallecido actor, adem\u00e1s de agradecerle por su amistad y todo lo que vivieron juntos: \u00abFue un honor haber trabajado contigo. Gracias por todas las risas que nos brindaste. Dios ya te tiene en su Gloria. Descansa en Paz Juan\u00bb, expres\u00f3.<\/p>\n<p>Pero el mensaje que m\u00e1s conmovi\u00f3 a las redes, fue el emitido por Eugenio Derbez a trav\u00e9s de perfil de Instagram; y es que el actor hizo un emotivo video de los momentos m\u00e1s especiales de Verduzco dentro de la serie, mismo que comienza con una escena del propio Don Camerino diciendo: \u00abNo puedo creer que se nos haya adelantado en el camino, pero v\u00e1yase tranquilo\u00bb, y que fue tomada como las palabras que Derbez le dedica.<\/p>\n<p>La grabaci\u00f3n ya supera las mal de 100 mil reacciones, y aunque al principio estaba abierta para que el p\u00fablico pudiera dejar sus mensajes, el actor decidi\u00f3 restringir los comentarios.<\/p>\n<p>Juan Verduzco perdi\u00f3 la vida esta tarde, por causas a\u00fan desconocidas, dejando un legado importante en el cine y la televisi\u00f3n mexicana.<\/p>\n","protected":false},"excerpt":{"rendered":"<p>El mundo del espect\u00e1culo y la ficticia Ciudad P. Luche se encuentran de luto, luego&#8230;<\/p>\n","protected":false},"author":1,"featured_media":21968,"comment_status":"open","ping_status":"closed","sticky":false,"template":"","format":"standard","meta":{"footnotes":""},"categories":[3],"tags":[],"class_list":["post-21966","post","type-post","status-publish","format-standard","has-post-thumbnail","hentry","category-espectaculos"],"_links":{"self":[{"href":"https:\/\/newsqr.com.mx\/index.php?rest_route=\/wp\/v2\/posts\/21966","targetHints":{"allow":["GET"]}}],"collection":[{"href":"https:\/\/newsqr.com.mx\/index.php?rest_route=\/wp\/v2\/posts"}],"about":[{"href":"https:\/\/newsqr.com.mx\/index.php?rest_route=\/wp\/v2\/types\/post"}],"author":[{"embeddable":true,"href":"https:\/\/newsqr.com.mx\/index.php?rest_route=\/wp\/v2\/users\/1"}],"replies":[{"embeddable":true,"href":"https:\/\/newsqr.com.mx\/index.php?rest_route=%2Fwp%2Fv2%2Fcomments&post=21966"}],"version-history":[{"count":1,"href":"https:\/\/newsqr.com.mx\/index.php?rest_route=\/wp\/v2\/posts\/21966\/revisions"}],"predecessor-version":[{"id":21967,"href":"https:\/\/newsqr.com.mx\/index.php?rest_route=\/wp\/v2\/posts\/21966\/revisions\/21967"}],"wp:featuredmedia":[{"embeddable":true,"href":"https:\/\/newsqr.com.mx\/index.php?rest_route=\/wp\/v2\/media\/21968"}],"wp:attachment":[{"href":"https:\/\/newsqr.com.mx\/index.php?rest_route=%2Fwp%2Fv2%2Fmedia&parent=21966"}],"wp:term":[{"taxonomy":"category","embeddable":true,"href":"https:\/\/newsqr.com.mx\/index.php?rest_route=%2Fwp%2Fv2%2Fcategories&post=21966"},{"taxonomy":"post_tag","embeddable":true,"href":"https:\/\/newsqr.com.mx\/index.php?rest_route=%2Fwp%2Fv2%2Ftags&post=21966"}],"curies":[{"name":"wp","href":"https:\/\/api.w.org\/{rel}","templated":true}]}}