{"id":21993,"date":"2024-03-07T10:12:16","date_gmt":"2024-03-07T15:12:16","guid":{"rendered":"https:\/\/newsqr.com.mx\/?p=21993"},"modified":"2024-03-07T15:12:17","modified_gmt":"2024-03-07T15:12:17","slug":"fernando-alonso-no-se-descarta-como-opcion-para-red-bull-aunque-toma-con-calma-los-rumores","status":"publish","type":"post","link":"https:\/\/newsqr.com.mx\/?p=21993","title":{"rendered":"Fernando Alonso no se descarta como opci\u00f3n para Red Bull, aunque toma con calma los rumores"},"content":{"rendered":"<p>Los 42 a\u00f1os de edad no le pesan a Fernando Alonso, un viejo lobo de mar de la F\u00f3rmula 1, que desde el a\u00f1o pasado sue\u00f1a con lograr la tan ansiada victoria n\u00famero 33. Y aunque en el Gran Premio de Bahr\u00e9in el resultado no fue el esperado, el asturiano no pierde la esperanza de volver a ser competitivo en el que podr\u00eda ser su \u00faltimo a\u00f1o con Aston Martin.<\/p>\n<p>Al igual que m\u00e1s de la mitad de la parrilla, el espa\u00f1ol no tiene contrato firmado para 2025 y no se ha librado de que lo vinculen con diferentes equipos. Primero fue Mercedes tras la salida de Lewis Hamilton rumbo a Ferrari; y ahora, en medio de la controversia de Christian Horner y Jos Verstappen, ha sido se\u00f1alado como una opci\u00f3n para Red Bull.<\/p>\n<p>Al respecto, Alonso no evadi\u00f3 la pregunta sobre ser un candidato para el equipo de Milton Keynes. \u00abS\u00ed que creo que estoy en la lista (de Red Bull), porque no tengo ning\u00fan contrato en este momento. Es mejor estar en esa lista que en otras\u201d, declar\u00f3 en conferencia de prensa previo al Gran Premio de Arabia Saudita.<\/p>\n<p>Sin embargo, el bicampe\u00f3n de la categor\u00eda tampoco quiso centrarse tanto en ese tema, ya que quiere enfocarse en rendir con la escuder\u00eda de Lawrence Stroll. \u201cPrimero de todo, necesito ver si quiero seguir corriendo; si me comprometo es porque realmente creo que hay posibilidad de ganar las carreras\u201d, finaliz\u00f3.<\/p>\n<p>En Bahr\u00e9in, Alonso termin\u00f3 noveno, seguido de su compa\u00f1ero Lance Stroll, para sumar los primeros puntos de los de Silverstone. Por otra parte, el espa\u00f1ol adem\u00e1s est\u00e1 en el centro de la pol\u00e9mica por la investigaci\u00f3n contra el presidente de la FIA, Mohammed Ben Sulayem, quien supuestamente interfiri\u00f3 en Jeddah el a\u00f1o pasado para quitarle un sanci\u00f3n de 10 segundos, lo que signific\u00f3 que mantuviera el tercer lugar del podio.<\/p>\n","protected":false},"excerpt":{"rendered":"<p>Los 42 a\u00f1os de edad no le pesan a Fernando Alonso, un viejo lobo de&#8230;<\/p>\n","protected":false},"author":1,"featured_media":21995,"comment_status":"open","ping_status":"closed","sticky":false,"template":"","format":"standard","meta":{"footnotes":""},"categories":[5],"tags":[],"class_list":["post-21993","post","type-post","status-publish","format-standard","has-post-thumbnail","hentry","category-deportes"],"_links":{"self":[{"href":"https:\/\/newsqr.com.mx\/index.php?rest_route=\/wp\/v2\/posts\/21993","targetHints":{"allow":["GET"]}}],"collection":[{"href":"https:\/\/newsqr.com.mx\/index.php?rest_route=\/wp\/v2\/posts"}],"about":[{"href":"https:\/\/newsqr.com.mx\/index.php?rest_route=\/wp\/v2\/types\/post"}],"author":[{"embeddable":true,"href":"https:\/\/newsqr.com.mx\/index.php?rest_route=\/wp\/v2\/users\/1"}],"replies":[{"embeddable":true,"href":"https:\/\/newsqr.com.mx\/index.php?rest_route=%2Fwp%2Fv2%2Fcomments&post=21993"}],"version-history":[{"count":1,"href":"https:\/\/newsqr.com.mx\/index.php?rest_route=\/wp\/v2\/posts\/21993\/revisions"}],"predecessor-version":[{"id":21994,"href":"https:\/\/newsqr.com.mx\/index.php?rest_route=\/wp\/v2\/posts\/21993\/revisions\/21994"}],"wp:featuredmedia":[{"embeddable":true,"href":"https:\/\/newsqr.com.mx\/index.php?rest_route=\/wp\/v2\/media\/21995"}],"wp:attachment":[{"href":"https:\/\/newsqr.com.mx\/index.php?rest_route=%2Fwp%2Fv2%2Fmedia&parent=21993"}],"wp:term":[{"taxonomy":"category","embeddable":true,"href":"https:\/\/newsqr.com.mx\/index.php?rest_route=%2Fwp%2Fv2%2Fcategories&post=21993"},{"taxonomy":"post_tag","embeddable":true,"href":"https:\/\/newsqr.com.mx\/index.php?rest_route=%2Fwp%2Fv2%2Ftags&post=21993"}],"curies":[{"name":"wp","href":"https:\/\/api.w.org\/{rel}","templated":true}]}}