{"id":22029,"date":"2024-03-09T12:18:09","date_gmt":"2024-03-09T17:18:09","guid":{"rendered":"https:\/\/newsqr.com.mx\/?p=22029"},"modified":"2024-03-09T17:18:10","modified_gmt":"2024-03-09T17:18:10","slug":"denise-maerker-y-manuel-lopez-san-martin-moderaran-el-primer-debate-presidencial","status":"publish","type":"post","link":"https:\/\/newsqr.com.mx\/?p=22029","title":{"rendered":"Denise Maerker y Manuel L\u00f3pez San Mart\u00edn moderar\u00e1n el primer debate presidencial"},"content":{"rendered":"<p>El Consejo General del Instituto Nacional Electoral (INE) aprob\u00f3 este viernes la designaci\u00f3n de Denise Maerker y Manuel L\u00f3pez San Mart\u00edn como moderadores del debate presidencial que se realizar\u00e1 el 7 de abril.<\/p>\n<p>La Consejera y presidenta de la Comisi\u00f3n Temporal de Debates (CTD), Carla Humphrey Jordan, resalt\u00f3 que la selecci\u00f3n de los moderadores se realiz\u00f3 por medio de una metodolog\u00eda y en consenso, por lo que se cumplieron objetivamente y a cabalidad los presupuestos establecidos para garantizar una moderaci\u00f3n imparcial, y que a la vez resulte acorde a los mejores est\u00e1ndares en materia de debates.<\/p>\n<p>Todas las decisiones que se han tomado respecto a los temas en la Comisi\u00f3n Temporal de Debates llevan detr\u00e1s procesos abiertos, transparentes con metodolog\u00edas y el acompa\u00f1amiento de las y los consejeros electorales, de las representaciones de los partidos pol\u00edticos y tambi\u00e9n del Poder Legislativo. Es decir, incluyendo a todas y todos\u201d, asegur\u00f3.<\/p>\n<p>La metodolog\u00eda para la selecci\u00f3n de los moderadores incluy\u00f3 cuatro etapas. En la primera, se solicit\u00f3 a las dos coaliciones y el partido pol\u00edtico que contienden a la Presidencia de la Rep\u00fablica, as\u00ed como a las y los consejeros electorales, que hicieran llegar una lista con cinco nombres de hombres y cinco de mujeres que pudieran moderar el debate.<\/p>\n<p>La segunda etapa consisti\u00f3 en la detecci\u00f3n de los mejores perfiles, en esta el INE no realiz\u00f3 una evaluaci\u00f3n al trabajo period\u00edstico de las personas propuestas, con el fin de respetar el derecho humano a la libertad de expresi\u00f3n.<\/p>\n<p>La Coordinaci\u00f3n Nacional de Comunicaci\u00f3n Social realiz\u00f3 una ponderaci\u00f3n de car\u00e1cter binario, cumple o no cumple con los criterios, con el prop\u00f3sito de establecer valores preliminares a cada persona propuesta y con ello eliminar la subjetividad.<\/p>\n<p>En este sentido, se entreg\u00f3 un listado con los perfiles que cumplieran con las caracter\u00edsticas definidas y acordes a la tem\u00e1tica del debate y a la metodolog\u00eda aprobada.<\/p>\n<p>La tercera etapa consisti\u00f3 en una reuni\u00f3n de trabajo entre las y los consejeros electorales con la Coordinaci\u00f3n Nacional de Comunicaci\u00f3n Social que present\u00f3 esta valoraci\u00f3n preliminar de los perfiles propuestos conforme a dos criterios: los mejores perfiles y el n\u00famero de propuestas que tuvo cada persona.<\/p>\n<p>A partir de un an\u00e1lisis y consideraci\u00f3n de escenarios de moderaci\u00f3n de los perfiles propuestos, las consejer\u00edas llegaron a un consenso con dos nombres, una mujer y un hombre para la moderaci\u00f3n de este primer debate, los cuales fueron presentados a la Mesa de Representantes y aprobados en Comisi\u00f3n Temporal de Debates, el pasado 5 de marzo.<\/p>\n<p>En el mismo punto, tambi\u00e9n se aprob\u00f3 la escaleta definitiva del Primer Debate Presidencial que establece los tiempos de participaci\u00f3n de las tres candidaturas, as\u00ed como el orden y los tiempos de referencia que emplear\u00e1n las personas moderadoras durante este ejercicio.<\/p>\n<p>La Consejera Carla Humphrey asegur\u00f3 que la escaleta tiene el objetivo de dar certeza sobre los elementos de producci\u00f3n necesarios y el formato de debate, la cual se define con base en el n\u00famero de candidaturas registradas, as\u00ed como el tiempo m\u00e1ximo.<\/p>\n","protected":false},"excerpt":{"rendered":"<p>El Consejo General del Instituto Nacional Electoral (INE) aprob\u00f3 este viernes la designaci\u00f3n de Denise&#8230;<\/p>\n","protected":false},"author":1,"featured_media":22031,"comment_status":"open","ping_status":"closed","sticky":false,"template":"","format":"standard","meta":{"footnotes":""},"categories":[2],"tags":[],"class_list":["post-22029","post","type-post","status-publish","format-standard","has-post-thumbnail","hentry","category-nacional"],"_links":{"self":[{"href":"https:\/\/newsqr.com.mx\/index.php?rest_route=\/wp\/v2\/posts\/22029","targetHints":{"allow":["GET"]}}],"collection":[{"href":"https:\/\/newsqr.com.mx\/index.php?rest_route=\/wp\/v2\/posts"}],"about":[{"href":"https:\/\/newsqr.com.mx\/index.php?rest_route=\/wp\/v2\/types\/post"}],"author":[{"embeddable":true,"href":"https:\/\/newsqr.com.mx\/index.php?rest_route=\/wp\/v2\/users\/1"}],"replies":[{"embeddable":true,"href":"https:\/\/newsqr.com.mx\/index.php?rest_route=%2Fwp%2Fv2%2Fcomments&post=22029"}],"version-history":[{"count":1,"href":"https:\/\/newsqr.com.mx\/index.php?rest_route=\/wp\/v2\/posts\/22029\/revisions"}],"predecessor-version":[{"id":22030,"href":"https:\/\/newsqr.com.mx\/index.php?rest_route=\/wp\/v2\/posts\/22029\/revisions\/22030"}],"wp:featuredmedia":[{"embeddable":true,"href":"https:\/\/newsqr.com.mx\/index.php?rest_route=\/wp\/v2\/media\/22031"}],"wp:attachment":[{"href":"https:\/\/newsqr.com.mx\/index.php?rest_route=%2Fwp%2Fv2%2Fmedia&parent=22029"}],"wp:term":[{"taxonomy":"category","embeddable":true,"href":"https:\/\/newsqr.com.mx\/index.php?rest_route=%2Fwp%2Fv2%2Fcategories&post=22029"},{"taxonomy":"post_tag","embeddable":true,"href":"https:\/\/newsqr.com.mx\/index.php?rest_route=%2Fwp%2Fv2%2Ftags&post=22029"}],"curies":[{"name":"wp","href":"https:\/\/api.w.org\/{rel}","templated":true}]}}