{"id":22056,"date":"2024-03-11T12:51:15","date_gmt":"2024-03-11T17:51:15","guid":{"rendered":"https:\/\/newsqr.com.mx\/?p=22056"},"modified":"2024-03-11T17:51:17","modified_gmt":"2024-03-11T17:51:17","slug":"alicia-barcena-viaja-a-jamaica-para-reunion-de-caricom-sobre-la-crisis-en-haiti","status":"publish","type":"post","link":"https:\/\/newsqr.com.mx\/?p=22056","title":{"rendered":"Alicia B\u00e1rcena viaja a Jamaica para reuni\u00f3n de Caricom sobre la crisis en Hait\u00ed"},"content":{"rendered":"<p>La secretaria de Relaciones Exteriores (SRE), Alicia B\u00e1rcena, viaja este lunes a Kingston, Jamaica para participar en la Reuni\u00f3n de Alto Nivel sobre Hait\u00ed convocada por la Comunidad del Caribe (Caricom), inform\u00f3 la Canciller\u00eda mexicana.<\/p>\n<p>En el encuentro de emergencia convocado en la capital jamaicana, agreg\u00f3, \u201cse dialogar\u00e1 sobre el proceso para una estabilidad pol\u00edtica en ese pa\u00eds caribe\u00f1o\u201d en medio de la escalada de violencia y la crisis pol\u00edtica.<\/p>\n<p>Al encuentro de jefes de Gobierno de la Caricom tambi\u00e9n ha anunciado su asistencia el secretario de Estado de EE.UU., Antony Blinken.<\/p>\n<p>Efectivos militares estadounidenses se apostaron durante el fin de semana en Puerto Pr\u00edncipe para reforzar la protecci\u00f3n de la Embajada de EE.UU. en Hait\u00ed, seg\u00fan inform\u00f3 el Comando Sur de las Fuerzas Armadas estadounidenses.<\/p>\n<p>Por su parte, la Uni\u00f3n Europea anunci\u00f3 este lunes que ha decidido evacuar a su personal de la delegaci\u00f3n de la UE en Hait\u00ed debido al \u201cdram\u00e1tico deterioro de la situaci\u00f3n de seguridad\u201d.<\/p>\n<p>La violencia en Puerto Pr\u00edncipe ha aumentado significativamente desde que el 28 de febrero se conociera que el primer ministro de Hait\u00ed, Ariel Henry, se hab\u00eda comprometido a celebrar elecciones antes de finales de agosto de 2025, una fecha muy lejana si se tiene en cuenta que el primer ministro debi\u00f3 concluir su mandato el pasado 7 de febrero, seg\u00fan un acuerdo de 2022.<\/p>\n<p>Henry se encuentra en Puerto Rico desde el martes pasado, despu\u00e9s de que las autoridades dominicanas, que citaron razones de seguridad nacional, le negaran su solicitud de aterrizar en el pa\u00eds.<\/p>\n","protected":false},"excerpt":{"rendered":"<p>La secretaria de Relaciones Exteriores (SRE), Alicia B\u00e1rcena, viaja este lunes a Kingston, Jamaica para&#8230;<\/p>\n","protected":false},"author":1,"featured_media":22058,"comment_status":"open","ping_status":"closed","sticky":false,"template":"","format":"standard","meta":{"footnotes":""},"categories":[6],"tags":[],"class_list":["post-22056","post","type-post","status-publish","format-standard","has-post-thumbnail","hentry","category-internacional"],"_links":{"self":[{"href":"https:\/\/newsqr.com.mx\/index.php?rest_route=\/wp\/v2\/posts\/22056","targetHints":{"allow":["GET"]}}],"collection":[{"href":"https:\/\/newsqr.com.mx\/index.php?rest_route=\/wp\/v2\/posts"}],"about":[{"href":"https:\/\/newsqr.com.mx\/index.php?rest_route=\/wp\/v2\/types\/post"}],"author":[{"embeddable":true,"href":"https:\/\/newsqr.com.mx\/index.php?rest_route=\/wp\/v2\/users\/1"}],"replies":[{"embeddable":true,"href":"https:\/\/newsqr.com.mx\/index.php?rest_route=%2Fwp%2Fv2%2Fcomments&post=22056"}],"version-history":[{"count":1,"href":"https:\/\/newsqr.com.mx\/index.php?rest_route=\/wp\/v2\/posts\/22056\/revisions"}],"predecessor-version":[{"id":22057,"href":"https:\/\/newsqr.com.mx\/index.php?rest_route=\/wp\/v2\/posts\/22056\/revisions\/22057"}],"wp:featuredmedia":[{"embeddable":true,"href":"https:\/\/newsqr.com.mx\/index.php?rest_route=\/wp\/v2\/media\/22058"}],"wp:attachment":[{"href":"https:\/\/newsqr.com.mx\/index.php?rest_route=%2Fwp%2Fv2%2Fmedia&parent=22056"}],"wp:term":[{"taxonomy":"category","embeddable":true,"href":"https:\/\/newsqr.com.mx\/index.php?rest_route=%2Fwp%2Fv2%2Fcategories&post=22056"},{"taxonomy":"post_tag","embeddable":true,"href":"https:\/\/newsqr.com.mx\/index.php?rest_route=%2Fwp%2Fv2%2Ftags&post=22056"}],"curies":[{"name":"wp","href":"https:\/\/api.w.org\/{rel}","templated":true}]}}