{"id":22071,"date":"2024-03-12T11:45:14","date_gmt":"2024-03-12T16:45:14","guid":{"rendered":"https:\/\/newsqr.com.mx\/?p=22071"},"modified":"2024-03-12T16:45:15","modified_gmt":"2024-03-12T16:45:15","slug":"papa-francisco-pide-erradicar-el-encubrimiento-perverso-de-todo-tipo-de-abuso","status":"publish","type":"post","link":"https:\/\/newsqr.com.mx\/?p=22071","title":{"rendered":"Papa Francisco pide erradicar el encubrimiento \u201cperverso\u201d de todo tipo de abuso"},"content":{"rendered":"<p>El papa Francisco inst\u00f3 a erradicar el encubrimiento \u201cperverso\u201d de los abusos y a entender a las v\u00edctimas, en un mensaje difundido a los participantes de un foro sobre este tema celebrado en Panam\u00e1.<\/p>\n<p>El pont\u00edfice se dirigi\u00f3 al III Congreso Latinoamericano del Centro de Investigaci\u00f3n y Formaci\u00f3n para la Protecci\u00f3n de los Menores (CEPROME), animando a \u201cseguir avanzando en la erradicaci\u00f3n de la lacra de los abusos en todos los \u00e1mbitos de la sociedad\u201d.<\/p>\n<p>\u201cEn orden a la prevenci\u00f3n, nuestros trabajos tienen que mirar sin duda a erradicar las situaciones que protegen a quien se escuda en su posici\u00f3n para imponerse al otro de forma perversa\u201d, escribi\u00f3 en su misiva al foro, que se celebra entre este martes y el jueves en Panam\u00e1.<\/p>\n<p>Y agreg\u00f3: \u201cPero tambi\u00e9n a comprender por qu\u00e9 es incapaz de relacionarse con los dem\u00e1s de forma sana\u201d.<\/p>\n<p>Francisco tambi\u00e9n pide entender a la v\u00edctima y dilucidar \u201cla raz\u00f3n por la que algunos aceptan ir contra la propia conciencia, por temor, o se dejan engatusar con falsas promesas, sabiendo en el fondo de su coraz\u00f3n que est\u00e1n en el camino equivocado\u201d.<\/p>\n<p>\u201cHumanizar las relaciones en cualquier sociedad, tambi\u00e9n en la Iglesia, supone trabajar con denuedo para formar personas maduras, coherentes, que, firmes en su fe y en sus principios \u00e9ticos, sean capaces de afrontar el mal\u201d, agreg\u00f3.<\/p>\n<p>El papa argentino recibi\u00f3 en el Vaticano el pasado 25 de septiembre a una delegaci\u00f3n del CEPROME, un grupo de profesionales de distintas disciplinas que asesoran a la Iglesia latinoamericana para evitar casos de abusos a ni\u00f1os, j\u00f3venes y adultos vulnerables.<\/p>\n<p>En aquella ocasi\u00f3n, Francisco pidi\u00f3 que se prestara atenci\u00f3n al \u201cproblema muy grave\u201d de la pornograf\u00eda infantil en la actual sociedad de consumo.<\/p>\n<p>\u201c\u00bfD\u00f3nde se hace esta pornograf\u00eda infantil? \u00bfEn qu\u00e9 pa\u00eds se hace? Nadie lo sabe. Pero es la criminalidad puesta al servicio de cada uno a trav\u00e9s de sus telefonitos. Por favor, hablemos de esto tambi\u00e9n. Porque esos ni\u00f1os que son filmados, son v\u00edctimas, v\u00edctimas sofisticadas de esta sociedad de consumo\u201d, inst\u00f3 entonces.<\/p>\n","protected":false},"excerpt":{"rendered":"<p>El papa Francisco inst\u00f3 a erradicar el encubrimiento \u201cperverso\u201d de los abusos y a entender&#8230;<\/p>\n","protected":false},"author":1,"featured_media":22073,"comment_status":"open","ping_status":"closed","sticky":false,"template":"","format":"standard","meta":{"footnotes":""},"categories":[6],"tags":[],"class_list":["post-22071","post","type-post","status-publish","format-standard","has-post-thumbnail","hentry","category-internacional"],"_links":{"self":[{"href":"https:\/\/newsqr.com.mx\/index.php?rest_route=\/wp\/v2\/posts\/22071","targetHints":{"allow":["GET"]}}],"collection":[{"href":"https:\/\/newsqr.com.mx\/index.php?rest_route=\/wp\/v2\/posts"}],"about":[{"href":"https:\/\/newsqr.com.mx\/index.php?rest_route=\/wp\/v2\/types\/post"}],"author":[{"embeddable":true,"href":"https:\/\/newsqr.com.mx\/index.php?rest_route=\/wp\/v2\/users\/1"}],"replies":[{"embeddable":true,"href":"https:\/\/newsqr.com.mx\/index.php?rest_route=%2Fwp%2Fv2%2Fcomments&post=22071"}],"version-history":[{"count":1,"href":"https:\/\/newsqr.com.mx\/index.php?rest_route=\/wp\/v2\/posts\/22071\/revisions"}],"predecessor-version":[{"id":22072,"href":"https:\/\/newsqr.com.mx\/index.php?rest_route=\/wp\/v2\/posts\/22071\/revisions\/22072"}],"wp:featuredmedia":[{"embeddable":true,"href":"https:\/\/newsqr.com.mx\/index.php?rest_route=\/wp\/v2\/media\/22073"}],"wp:attachment":[{"href":"https:\/\/newsqr.com.mx\/index.php?rest_route=%2Fwp%2Fv2%2Fmedia&parent=22071"}],"wp:term":[{"taxonomy":"category","embeddable":true,"href":"https:\/\/newsqr.com.mx\/index.php?rest_route=%2Fwp%2Fv2%2Fcategories&post=22071"},{"taxonomy":"post_tag","embeddable":true,"href":"https:\/\/newsqr.com.mx\/index.php?rest_route=%2Fwp%2Fv2%2Ftags&post=22071"}],"curies":[{"name":"wp","href":"https:\/\/api.w.org\/{rel}","templated":true}]}}