{"id":22110,"date":"2024-03-15T00:52:05","date_gmt":"2024-03-15T05:52:05","guid":{"rendered":"https:\/\/newsqr.com.mx\/?p=22110"},"modified":"2024-03-15T05:52:07","modified_gmt":"2024-03-15T05:52:07","slug":"ana-gabriel-anuncia-nueva-fecha-de-concierto-en-el-auditorio-nacional","status":"publish","type":"post","link":"https:\/\/newsqr.com.mx\/?p=22110","title":{"rendered":"Ana Gabriel anuncia nueva fecha de concierto en el Auditorio Nacional"},"content":{"rendered":"<p>Ana Gabriel, la inconfundible voz detr\u00e1s de \u00e9xitos como Qui\u00e9n Como T\u00fa y Simplemente Amigos, vuelve a deleitar a sus seguidores mexicanos con la adici\u00f3n de una nueva fecha en su gira por el pa\u00eds.<\/p>\n<p>Ante la demanda y la efusiva respuesta del p\u00fablico, la cantante ha decidido ofrecer un tercer concierto en uno de los escenarios m\u00e1s emblem\u00e1ticos de M\u00e9xico: el Auditorio Nacional de Ciudad de M\u00e9xico.<br \/>\nUbicado en el coraz\u00f3n de la capital, en la prestigiosa avenida Paseo de la Reforma, el Auditorio Nacional se prepara para acoger a la aclamada int\u00e9rprete.<\/p>\n<p>A pesar de que las fechas anteriores a\u00fan no han agotado todas sus entradas, Ana Gabriel, demostrando su confianza en el cari\u00f1o de su audiencia, ha decidido anticiparse y asegurar una noche m\u00e1s de m\u00fasica y emociones el viernes 16 de agosto.<\/p>\n<p>Este evento se suma a las presentaciones previamente anunciadas para el martes 13 y el jueves 15 de agosto, prometiendo a los fans de la cantante una serie de noches inolvidables cargadas de nostalgia y los grandes \u00e9xitos que han marcado su carrera de 50 a\u00f1os.<\/p>\n<p>Esto es lo que debes saber de la nueva fecha de Ana Gabriel en el Auditorio Nacional<br \/>\nLa preventa para este tercer concierto est\u00e1 programada para el viernes 15 de marzo, una oportunidad que los admiradores de Ana Gabriel no querr\u00e1n perderse para asegurar sus lugares y vivir de cerca la magia de su m\u00fasica.<\/p>\n<p>La venta general abrir\u00e1 el d\u00eda siguiente, el s\u00e1bado 16 de marzo, a trav\u00e9s de la plataforma digital Ticketmaster. Para participar en la preventa, es necesario contar con una cuenta y una tarjeta de cr\u00e9dito de CitiBanamex, destacando as\u00ed una exclusiva oportunidad para los clientes del banco.<\/p>\n","protected":false},"excerpt":{"rendered":"<p>Ana Gabriel, la inconfundible voz detr\u00e1s de \u00e9xitos como Qui\u00e9n Como T\u00fa y Simplemente Amigos,&#8230;<\/p>\n","protected":false},"author":1,"featured_media":22112,"comment_status":"open","ping_status":"closed","sticky":false,"template":"","format":"standard","meta":{"footnotes":""},"categories":[3],"tags":[],"class_list":["post-22110","post","type-post","status-publish","format-standard","has-post-thumbnail","hentry","category-espectaculos"],"_links":{"self":[{"href":"https:\/\/newsqr.com.mx\/index.php?rest_route=\/wp\/v2\/posts\/22110","targetHints":{"allow":["GET"]}}],"collection":[{"href":"https:\/\/newsqr.com.mx\/index.php?rest_route=\/wp\/v2\/posts"}],"about":[{"href":"https:\/\/newsqr.com.mx\/index.php?rest_route=\/wp\/v2\/types\/post"}],"author":[{"embeddable":true,"href":"https:\/\/newsqr.com.mx\/index.php?rest_route=\/wp\/v2\/users\/1"}],"replies":[{"embeddable":true,"href":"https:\/\/newsqr.com.mx\/index.php?rest_route=%2Fwp%2Fv2%2Fcomments&post=22110"}],"version-history":[{"count":1,"href":"https:\/\/newsqr.com.mx\/index.php?rest_route=\/wp\/v2\/posts\/22110\/revisions"}],"predecessor-version":[{"id":22111,"href":"https:\/\/newsqr.com.mx\/index.php?rest_route=\/wp\/v2\/posts\/22110\/revisions\/22111"}],"wp:featuredmedia":[{"embeddable":true,"href":"https:\/\/newsqr.com.mx\/index.php?rest_route=\/wp\/v2\/media\/22112"}],"wp:attachment":[{"href":"https:\/\/newsqr.com.mx\/index.php?rest_route=%2Fwp%2Fv2%2Fmedia&parent=22110"}],"wp:term":[{"taxonomy":"category","embeddable":true,"href":"https:\/\/newsqr.com.mx\/index.php?rest_route=%2Fwp%2Fv2%2Fcategories&post=22110"},{"taxonomy":"post_tag","embeddable":true,"href":"https:\/\/newsqr.com.mx\/index.php?rest_route=%2Fwp%2Fv2%2Ftags&post=22110"}],"curies":[{"name":"wp","href":"https:\/\/api.w.org\/{rel}","templated":true}]}}