{"id":22143,"date":"2024-03-18T09:39:43","date_gmt":"2024-03-18T14:39:43","guid":{"rendered":"https:\/\/newsqr.com.mx\/?p=22143"},"modified":"2024-03-18T14:39:44","modified_gmt":"2024-03-18T14:39:44","slug":"osumane-dembele-no-jugo-el-fin-de-semana-con-psg-por-perforacion-en-el-timpano","status":"publish","type":"post","link":"https:\/\/newsqr.com.mx\/?p=22143","title":{"rendered":"Osumane Demb\u00e9l\u00e9 no jug\u00f3 el fin de semana con PSG por perforaci\u00f3n en el t\u00edmpano"},"content":{"rendered":"<p>El extremo franc\u00e9s Ousmane Demb\u00e9l\u00e9 no pudo participar en el reciente encuentro entre el Paris Saint-Germain y el Montpellier, donde el equipo parisino se impuso con un marcador final de 2-6. La ausencia de Demb\u00e9l\u00e9 se debi\u00f3 a una dolencia relacionada con el o\u00eddo, que requiri\u00f3 atenci\u00f3n m\u00e9dica antes el partido.<\/p>\n<p>Seg\u00fan informes del portal Actu.fr, Demb\u00e9l\u00e9 experiment\u00f3 un intenso dolor en el o\u00eddo, lo que posiblemente est\u00e9 relacionado con una perforaci\u00f3n en el t\u00edmpano. Espec\u00edficamente, fue atendido por especialistas del Hospital Universitario de Montpellier en el hotel de concentraci\u00f3n del PSG.<\/p>\n<p>Esta situaci\u00f3n llev\u00f3 al t\u00e9cnico Luis Enrique a dejar fuera de la convocatoria a Demb\u00e9l\u00e9, considerando la importancia relativa del partido. El PSG, l\u00edder destacado de la Ligue 1 con 12 puntos de ventaja sobre el Brest, no cont\u00f3 con la presencia del jugador franc\u00e9s en este enfrentamiento.<\/p>\n<p>A lo largo de la temporada, Demb\u00e9l\u00e9 ha participado en 22 de los 25 partidos disputados por el PSG en la Ligue 1, contribuyendo con un gol y ocho asistencias. Sin embargo, cabe destacar que solo se ha ausentado en tres encuentros, no necesariamente debido a lesiones, ya que el jugador no ha sufrido lesiones desde hace m\u00e1s de un a\u00f1o.<\/p>\n<p>La \u00faltima lesi\u00f3n significativa de Demb\u00e9l\u00e9 tuvo lugar en enero de 2023, cuando sufri\u00f3 una rotura en el recto anterior del muslo izquierdo durante un partido en Girona. Esta lesi\u00f3n lo mantuvo fuera de acci\u00f3n durante tres meses, siendo dirigido en aquel entonces por Xavi Hern\u00e1ndez en Barcelona.<\/p>\n","protected":false},"excerpt":{"rendered":"<p>El extremo franc\u00e9s Ousmane Demb\u00e9l\u00e9 no pudo participar en el reciente encuentro entre el Paris&#8230;<\/p>\n","protected":false},"author":1,"featured_media":22145,"comment_status":"open","ping_status":"closed","sticky":false,"template":"","format":"standard","meta":{"footnotes":""},"categories":[5],"tags":[],"class_list":["post-22143","post","type-post","status-publish","format-standard","has-post-thumbnail","hentry","category-deportes"],"_links":{"self":[{"href":"https:\/\/newsqr.com.mx\/index.php?rest_route=\/wp\/v2\/posts\/22143","targetHints":{"allow":["GET"]}}],"collection":[{"href":"https:\/\/newsqr.com.mx\/index.php?rest_route=\/wp\/v2\/posts"}],"about":[{"href":"https:\/\/newsqr.com.mx\/index.php?rest_route=\/wp\/v2\/types\/post"}],"author":[{"embeddable":true,"href":"https:\/\/newsqr.com.mx\/index.php?rest_route=\/wp\/v2\/users\/1"}],"replies":[{"embeddable":true,"href":"https:\/\/newsqr.com.mx\/index.php?rest_route=%2Fwp%2Fv2%2Fcomments&post=22143"}],"version-history":[{"count":1,"href":"https:\/\/newsqr.com.mx\/index.php?rest_route=\/wp\/v2\/posts\/22143\/revisions"}],"predecessor-version":[{"id":22144,"href":"https:\/\/newsqr.com.mx\/index.php?rest_route=\/wp\/v2\/posts\/22143\/revisions\/22144"}],"wp:featuredmedia":[{"embeddable":true,"href":"https:\/\/newsqr.com.mx\/index.php?rest_route=\/wp\/v2\/media\/22145"}],"wp:attachment":[{"href":"https:\/\/newsqr.com.mx\/index.php?rest_route=%2Fwp%2Fv2%2Fmedia&parent=22143"}],"wp:term":[{"taxonomy":"category","embeddable":true,"href":"https:\/\/newsqr.com.mx\/index.php?rest_route=%2Fwp%2Fv2%2Fcategories&post=22143"},{"taxonomy":"post_tag","embeddable":true,"href":"https:\/\/newsqr.com.mx\/index.php?rest_route=%2Fwp%2Fv2%2Ftags&post=22143"}],"curies":[{"name":"wp","href":"https:\/\/api.w.org\/{rel}","templated":true}]}}