{"id":22146,"date":"2024-03-18T10:25:09","date_gmt":"2024-03-18T15:25:09","guid":{"rendered":"https:\/\/newsqr.com.mx\/?p=22146"},"modified":"2024-03-18T15:25:10","modified_gmt":"2024-03-18T15:25:10","slug":"manolo-caro-no-esta-interesado-en-trabajar-con-angelica-rivera","status":"publish","type":"post","link":"https:\/\/newsqr.com.mx\/?p=22146","title":{"rendered":"Manolo Caro no est\u00e1 interesado en trabajar con Ang\u00e9lica Rivera"},"content":{"rendered":"<p>Ang\u00e9lica Rivera se alej\u00f3 de la televisi\u00f3n tras haber sido la primera dama de M\u00e9xico y a unos a\u00f1os de que terminara el mandato de su ahora exesposo, se especula que la famosa prepara su regreso a la pantalla chica. Muchos desear\u00edan trabajar con ella, sin embargo, Manolo Caro ha dejado claro que \u00e9l no considera a \u201cLa Gaviota\u201d para uno de sus proyectos.<\/p>\n<p>En entrevista con varios medios, Manolo Caro fue cuestionado sobre la posibilidad de trabajar en un futuro con Ang\u00e9lica Rivera, pero el director de proyectos como \u201cLa casa de las flores\u201d fue tajante con su respuesta.<\/p>\n<p>\u201cNo trabajar\u00eda con Ang\u00e9lica Rivera, no tengo nada en contra de ella, pero no es una actriz con la que me interese trabajar\u201d.<\/p>\n<p>El director de cine expres\u00f3 cu\u00e1l es la raz\u00f3n por la que no est\u00e1 interesado en trabajar con la mam\u00e1 de Sof\u00eda Castro en alg\u00fan futuro.<\/p>\n<p>\u201cEste rollo de mezclar la pol\u00edtica y cosas que nos ata\u00f1en a todos como ciudadanos me parece mejor mantenerlo con distancia\u201d.<\/p>\n<p>Manolo Caro tambi\u00e9n habl\u00f3 sobre el posible regreso de Ang\u00e9lica Rivera a la televisi\u00f3n, algo que incluso su propia hija, Sof\u00eda, ha hablado en entrevistas, ya que asegura que su mam\u00e1 se est\u00e1 preparando para regresar en grande a la TV.<\/p>\n<p>\u201cCreo que estaban hablando de que iba a volver, la gente la quiere much\u00edsimo. Sus novelas tuvieron much\u00edsimo \u00e9xito, hay que ver con el paso de los a\u00f1os c\u00f3mo ser\u00eda su regreso\u201d.<\/p>\n<p>El famoso explic\u00f3 que, aunque no quiere trabajar con Ang\u00e9lica Rivera, eso no quiere decir que haga menos su carrera.<\/p>\n<p>\u201cNo hago menos para nada lo que haga ella a lo que hagan otros tipos de compa\u00f1eros, pero son diferentes carreras. No s\u00e9 porque nunca he tenido la oportunidad de compartir el set o verla actuar en vivo, recuerdo sus novelas\u201d.<\/p>\n<p>Finalmente, Manolo Caro dijo que est\u00e1 dispuesto a trabajar con Sof\u00eda Castro, ya que le cae muy bien.<\/p>\n<p>\u201cEn alg\u00fan momento s\u00ed, me cae muy bien, es muy educada y tenemos muchos amigos en com\u00fan\u201d.<\/p>\n","protected":false},"excerpt":{"rendered":"<p>Ang\u00e9lica Rivera se alej\u00f3 de la televisi\u00f3n tras haber sido la primera dama de M\u00e9xico&#8230;<\/p>\n","protected":false},"author":1,"featured_media":22148,"comment_status":"open","ping_status":"closed","sticky":false,"template":"","format":"standard","meta":{"footnotes":""},"categories":[3],"tags":[],"class_list":["post-22146","post","type-post","status-publish","format-standard","has-post-thumbnail","hentry","category-espectaculos"],"_links":{"self":[{"href":"https:\/\/newsqr.com.mx\/index.php?rest_route=\/wp\/v2\/posts\/22146","targetHints":{"allow":["GET"]}}],"collection":[{"href":"https:\/\/newsqr.com.mx\/index.php?rest_route=\/wp\/v2\/posts"}],"about":[{"href":"https:\/\/newsqr.com.mx\/index.php?rest_route=\/wp\/v2\/types\/post"}],"author":[{"embeddable":true,"href":"https:\/\/newsqr.com.mx\/index.php?rest_route=\/wp\/v2\/users\/1"}],"replies":[{"embeddable":true,"href":"https:\/\/newsqr.com.mx\/index.php?rest_route=%2Fwp%2Fv2%2Fcomments&post=22146"}],"version-history":[{"count":1,"href":"https:\/\/newsqr.com.mx\/index.php?rest_route=\/wp\/v2\/posts\/22146\/revisions"}],"predecessor-version":[{"id":22147,"href":"https:\/\/newsqr.com.mx\/index.php?rest_route=\/wp\/v2\/posts\/22146\/revisions\/22147"}],"wp:featuredmedia":[{"embeddable":true,"href":"https:\/\/newsqr.com.mx\/index.php?rest_route=\/wp\/v2\/media\/22148"}],"wp:attachment":[{"href":"https:\/\/newsqr.com.mx\/index.php?rest_route=%2Fwp%2Fv2%2Fmedia&parent=22146"}],"wp:term":[{"taxonomy":"category","embeddable":true,"href":"https:\/\/newsqr.com.mx\/index.php?rest_route=%2Fwp%2Fv2%2Fcategories&post=22146"},{"taxonomy":"post_tag","embeddable":true,"href":"https:\/\/newsqr.com.mx\/index.php?rest_route=%2Fwp%2Fv2%2Ftags&post=22146"}],"curies":[{"name":"wp","href":"https:\/\/api.w.org\/{rel}","templated":true}]}}