{"id":22152,"date":"2024-03-18T11:24:23","date_gmt":"2024-03-18T16:24:23","guid":{"rendered":"https:\/\/newsqr.com.mx\/?p=22152"},"modified":"2024-03-18T16:24:24","modified_gmt":"2024-03-18T16:24:24","slug":"brasil-corrio-el-serio-riesgo-de-tener-un-golpe-de-estado-asegura-lula","status":"publish","type":"post","link":"https:\/\/newsqr.com.mx\/?p=22152","title":{"rendered":"\u2018Brasil corri\u00f3 el serio riesgo de tener un golpe de Estado\u2019, asegura Lula"},"content":{"rendered":"<p>El presidente de Brasil, Luiz In\u00e1cio Lula da Silva, inst\u00f3 este lunes a \u201cconsolidar\u201d la democracia, despu\u00e9s de que el pa\u00eds corriera \u201cserio riesgo\u201d de sufrir \u201cun golpe\u201d de Estado perpetrado por su antecesor, el ultraderechista Jair Bolsonaro.<\/p>\n<p>Hoy estamos seguros de que este pa\u00eds corri\u00f3 serio riesgo de tener un golpe de Estado\u201d, dijo Lula despu\u00e9s de conocerse el testimonio de dos excomandantes de las Fuerzas Armadas, que afirmaron ante la Polic\u00eda que Bolsonaro les propuso sumarse a su plan para anular las elecciones de 2022 con el prop\u00f3sito de mantenerse en el poder.<\/p>\n<p>Lula, quien hizo estas declaraciones en la apertura de una reuni\u00f3n con su gabinete de ministros, en Brasilia, subray\u00f3 que no se volvi\u00f3 a \u201clos tiempos tenebrosos\u201d de la dictadura militar (1964-1985), de la que Bolsonaro es un nost\u00e1lgico, porque \u201calgunas personas de las Fuerzas Armadas no quisieron y no aceptaron\u201d sumarse a la intentona golpista.<\/p>\n<p>El mandatario se refiri\u00f3 as\u00ed a los reveladores testimonios de los exjefes del Ej\u00e9rcito y la Fuerza A\u00e9rea, divulgados el viernes pasado por el Supremo y que sit\u00faan al l\u00edder ultraderechista en el centro de la trama golpista que busc\u00f3 impedir que el Gobierno de Lula asumiera el poder el 1 de enero de 2023.<\/p>\n<p>Marco Antonio Freire Gomes y Carlos Baptista J\u00fanior, excomandantes del Ej\u00e9rcito y la Aeron\u00e1utica, declararon ante la Polic\u00eda que se reunieron varias veces con Bolsonaro y sus asesores m\u00e1s pr\u00f3ximos, y que estos les invitaron a apoyar su plan para anular las elecciones de 2022, que gan\u00f3 Lula por un estrecho margen.<\/p>\n<p>Lula calific\u00f3 a Bolsonaro de \u201ccobarde\u201d y \u201cno tener coraje\u201d de llevar a cabo su proyecto autoritario y que en lugar de eso, se qued\u00f3 \u201cllorando\u201d en casa y \u201chuy\u00f3\u201d a Estados Unidos durante los siguientes tres meses \u201ccon la expectativa de que el golpe ocurriera despu\u00e9s\u201d.<\/p>\n<p>De hecho, una semana despu\u00e9s de la investidura de Lula, miles de simpatizantes de Bolsonaro asaltaron las sedes de la Presidencia, el Congreso y la Corte Suprema para incentivar una intervenci\u00f3n militar que devolviese al poder al capit\u00e1n retirado del Ej\u00e9rcito.<\/p>\n<p>Bolsonaro, quien siempre ha negado cualquier participaci\u00f3n en la intentona golpista, consta como investigado en la causa, y aunque todav\u00eda no se han presentado cargos formales en su contra, el Tribunal Supremo le ha obligado a entregar su pasaporte y le ha prohibido salir de Brasil.<\/p>\n<p>Sabemos que hubo una tentativa de golpe en este pa\u00eds\u201d, pero \u201cel pueblo fue m\u00e1s sabio y valiente, y hoy estamos aqu\u00ed con el objetivo de hacer algo muy importante\u201d frente al Gobierno anterior, que se dedic\u00f3 a \u201cestimular el odio y la mentira\u201d, destac\u00f3 el actual mandatario brasile\u00f1o.<\/p>\n<p>En este sentido, pidi\u00f3 a sus cerca de 40 ministros \u201cconsolidar el proceso democr\u00e1tico\u201d, predicar el \u201crespeto a la instituciones\u201d y \u201cgarantizar el respeto a la Constituci\u00f3n\u201d.<\/p>\n<p>La \u00fanica posibilidad de reconstruir este pa\u00eds es consolidando el proceso democr\u00e1tico y hacer entender a las personas lo importante que es la democracia\u201d, apunt\u00f3.<\/p>\n<p>La reuni\u00f3n se produce en un momento en que los \u00edndices de popularidad de Lula est\u00e1 en su menor nivel desde que asumi\u00f3 el poder, hace poco m\u00e1s de a\u00f1o.<\/p>\n","protected":false},"excerpt":{"rendered":"<p>El presidente de Brasil, Luiz In\u00e1cio Lula da Silva, inst\u00f3 este lunes a \u201cconsolidar\u201d la&#8230;<\/p>\n","protected":false},"author":1,"featured_media":22154,"comment_status":"open","ping_status":"closed","sticky":false,"template":"","format":"standard","meta":{"footnotes":""},"categories":[6],"tags":[],"class_list":["post-22152","post","type-post","status-publish","format-standard","has-post-thumbnail","hentry","category-internacional"],"_links":{"self":[{"href":"https:\/\/newsqr.com.mx\/index.php?rest_route=\/wp\/v2\/posts\/22152","targetHints":{"allow":["GET"]}}],"collection":[{"href":"https:\/\/newsqr.com.mx\/index.php?rest_route=\/wp\/v2\/posts"}],"about":[{"href":"https:\/\/newsqr.com.mx\/index.php?rest_route=\/wp\/v2\/types\/post"}],"author":[{"embeddable":true,"href":"https:\/\/newsqr.com.mx\/index.php?rest_route=\/wp\/v2\/users\/1"}],"replies":[{"embeddable":true,"href":"https:\/\/newsqr.com.mx\/index.php?rest_route=%2Fwp%2Fv2%2Fcomments&post=22152"}],"version-history":[{"count":1,"href":"https:\/\/newsqr.com.mx\/index.php?rest_route=\/wp\/v2\/posts\/22152\/revisions"}],"predecessor-version":[{"id":22153,"href":"https:\/\/newsqr.com.mx\/index.php?rest_route=\/wp\/v2\/posts\/22152\/revisions\/22153"}],"wp:featuredmedia":[{"embeddable":true,"href":"https:\/\/newsqr.com.mx\/index.php?rest_route=\/wp\/v2\/media\/22154"}],"wp:attachment":[{"href":"https:\/\/newsqr.com.mx\/index.php?rest_route=%2Fwp%2Fv2%2Fmedia&parent=22152"}],"wp:term":[{"taxonomy":"category","embeddable":true,"href":"https:\/\/newsqr.com.mx\/index.php?rest_route=%2Fwp%2Fv2%2Fcategories&post=22152"},{"taxonomy":"post_tag","embeddable":true,"href":"https:\/\/newsqr.com.mx\/index.php?rest_route=%2Fwp%2Fv2%2Ftags&post=22152"}],"curies":[{"name":"wp","href":"https:\/\/api.w.org\/{rel}","templated":true}]}}